{"id":33544,"date":"2017-02-21T20:54:09","date_gmt":"2017-02-22T02:54:09","guid":{"rendered":"https:\/\/radiowebmx.com\/nota\/?p=33544"},"modified":"2017-04-05T21:08:02","modified_gmt":"2017-04-06T02:08:02","slug":"el-municipio-de-tarimbaro-invita-a-su-carnaval-2017","status":"publish","type":"post","link":"https:\/\/radiowebmx.com\/nota\/el-municipio-de-tarimbaro-invita-a-su-carnaval-2017\/","title":{"rendered":"El municipio de Tar\u00edmbaro invita a su Carnaval 2017"},"content":{"rendered":"<div id=\"Contenido\"><span class=\"texto\">Con 3 toritos de petate de los tres barrios; La Cruz, San Marcos y La Doctrina, el municipio de Tar\u00edmbaro festejar\u00e1 sus Fiestas de Carnaval 2017 del 26 al 28 de febrero.<\/p>\n<p>Los toritos que se han transformado a trav\u00e9s de los siglos y que su elaboraci\u00f3n es a base de la finura de papel picado, pues a veces es necesario emplear hasta tres meses de arduo trabajo de docenas de personas entre j\u00f3venes, ni\u00f1os y adultos.<br \/>\n<a href=\"https:\/\/radiowebmx.com\/nota\/wp-content\/uploads\/2017\/04\/56414.jpg\"><img loading=\"lazy\" decoding=\"async\" class=\"size-full wp-image-33545 alignleft\" src=\"https:\/\/radiowebmx.com\/nota\/wp-content\/uploads\/2017\/04\/56414.jpg\" alt=\"\" width=\"591\" height=\"282\" \/><\/a><br \/>\nEn el festival podr\u00e1n encontrar y degustar el delicioso Pulque en todas sus presentaciones, sabores y colores.<\/p>\n<p>Se espera la visita de 80 mil personas a estas fiestas de carnaval y una derrama econ\u00f3mica de 2 a 3 mdp.<\/p>\n<p>El domingo, inician con el desfile de toritos de petate de los tres barrios por las calles del municipio y posteriormente la coronaci\u00f3n de la reina del carnaval.<\/p>\n<p>El lunes, habr\u00e1 un desfile de toritos infantiles con la participaci\u00f3n de varios jardines de ni\u00f1os. Por la tarde, desfile y premiaci\u00f3n de los carros aleg\u00f3ricos con la participaci\u00f3n de varias instituciones educativas de todos los niveles.<\/p>\n<p>El martes, bendici\u00f3n de los tres toritos de petate y la comparsa frente a la parroquia. Por la noche, concurrido baile con bandas de renombre en la plaza principal.<\/span><\/p>\n<div align=\"center\"><\/div>\n<\/div>\n<div id=\"fb-root\"><\/div>\n<div class=\"fb-comments fb_iframe_widget\" data-href=\"http:\/\/www.eldiariovision.com.mx\/noticia\/nota,56414\/\" data-num-posts=\"50\" data-width=\"640\"><\/div>\n","protected":false},"excerpt":{"rendered":"<p>Con 3 toritos de petate de los tres barrios; La Cruz, San Marcos y La Doctrina, el municipio de Tar\u00edmbaro festejar\u00e1 sus Fiestas de Carnaval 2017 del 26 al 28 de febrero. Los toritos que se han transformado a trav\u00e9s de los siglos y que su elaboraci\u00f3n es a base de la finura de papel [&hellip;]<\/p>\n","protected":false},"author":2,"featured_media":33545,"comment_status":"closed","ping_status":"closed","sticky":false,"template":"","format":"standard","meta":{"footnotes":""},"categories":[22],"tags":[],"class_list":["post-33544","post","type-post","status-publish","format-standard","has-post-thumbnail","hentry","category-tarimbaro"],"_links":{"self":[{"href":"https:\/\/radiowebmx.com\/nota\/wp-json\/wp\/v2\/posts\/33544","targetHints":{"allow":["GET"]}}],"collection":[{"href":"https:\/\/radiowebmx.com\/nota\/wp-json\/wp\/v2\/posts"}],"about":[{"href":"https:\/\/radiowebmx.com\/nota\/wp-json\/wp\/v2\/types\/post"}],"author":[{"embeddable":true,"href":"https:\/\/radiowebmx.com\/nota\/wp-json\/wp\/v2\/users\/2"}],"replies":[{"embeddable":true,"href":"https:\/\/radiowebmx.com\/nota\/wp-json\/wp\/v2\/comments?post=33544"}],"version-history":[{"count":1,"href":"https:\/\/radiowebmx.com\/nota\/wp-json\/wp\/v2\/posts\/33544\/revisions"}],"predecessor-version":[{"id":33546,"href":"https:\/\/radiowebmx.com\/nota\/wp-json\/wp\/v2\/posts\/33544\/revisions\/33546"}],"wp:featuredmedia":[{"embeddable":true,"href":"https:\/\/radiowebmx.com\/nota\/wp-json\/wp\/v2\/media\/33545"}],"wp:attachment":[{"href":"https:\/\/radiowebmx.com\/nota\/wp-json\/wp\/v2\/media?parent=33544"}],"wp:term":[{"taxonomy":"category","embeddable":true,"href":"https:\/\/radiowebmx.com\/nota\/wp-json\/wp\/v2\/categories?post=33544"},{"taxonomy":"post_tag","embeddable":true,"href":"https:\/\/radiowebmx.com\/nota\/wp-json\/wp\/v2\/tags?post=33544"}],"curies":[{"name":"wp","href":"https:\/\/api.w.org\/{rel}","templated":true}]}}