{"id":3337,"date":"2013-08-02T09:12:53","date_gmt":"2013-08-02T14:12:53","guid":{"rendered":"https:\/\/radiowebmx.com\/nota\/?p=3337"},"modified":"2013-08-02T09:12:53","modified_gmt":"2013-08-02T14:12:53","slug":"michoacan-requiere-de-mejores-y-mayores-estrategias-para-combatir-pobreza-ligia-lopez","status":"publish","type":"post","link":"https:\/\/radiowebmx.com\/nota\/michoacan-requiere-de-mejores-y-mayores-estrategias-para-combatir-pobreza-ligia-lopez\/","title":{"rendered":"Michoac\u00e1n requiere de mejores y mayores estrategias para combatir pobreza: Ligia L\u00f3pez"},"content":{"rendered":"<p>\u201cEs necesaria una estrategia eficiente y clara que evite incrementar la pobreza en Michoac\u00e1n, que ayude verdaderamente a disminuir los altos niveles de pobreza extrema que actualmente se viven en la entidad, a consecuencia de la crisis financiera nacional e internacional aunado a los bajos ingresos de los mexicanos\u201d, refut\u00f3 la diputada Bertha Ligia L\u00f3pez Aceves, Vicecoordinadora del Grupo Parlamentario del Partido Acci\u00f3n Nacional en el Congreso del Estado.<\/p>\n<p>Lo anterior, luego que el Consejo Nacional de Evaluaci\u00f3n de la Pol\u00edtica de Desarrollo Social (Coneval), diera a conocer que en los dos \u00faltimos a\u00f1os aument\u00f3 el numero de personas catalogadas en pobreza, a 53 mil 300 millones y en particular en Michoac\u00e1n el incremento fue de 8.8 por ciento de este sector.<\/p>\n<p>\u201cDe acuerdo a datos del Consejo, hasta el 2012 en Michoac\u00e1n exist\u00edan 52 mil 400 habitantes en esta condici\u00f3n social, convirti\u00e9ndose en una de las once entidades del pa\u00eds en las que en ese periodo se increment\u00f3 la pobreza extrema, cifra que resulta alarmante y de prontas acciones que mejoren la situaci\u00f3n marginal que desafortunadamente viven estas personas\u201d, expres\u00f3 la integrante de la Comisi\u00f3n de Equidad de G\u00e9nero en el Poder Legislativo.<\/p>\n<p>Asimismo, resalt\u00f3 que es de reconocer que durante la administraci\u00f3n federal anterior se registr\u00f3 una disminuci\u00f3n de 1 mill\u00f3n 400 mil personas que se encontraban en pobreza considerada extrema, \u201cgracias a los diversos programas sociales que se enfocaban en verdad a la poblaci\u00f3n, as\u00ed como zonas afectadas y que realmente atend\u00edan temas como salud, educaci\u00f3n y vivienda\u201d, enfatiz\u00f3.<\/p>\n<p>\u201cLo que se ocupa en el Estado y en el pa\u00eds en general, es un plan que mejore el bajo crecimiento econ\u00f3mico, que active la productividad, una estrategia que genere condiciones de empleo, que regule el crecimiento del empleo informal y sobretodo, que busque la forma de evitar el incremento de los precios de la canasta b\u00e1sica que tanto afectan la econom\u00eda de la sociedad\u201d, postul\u00f3 la legisladora albiazul.<\/p>\n<p>Para concluir, la tambi\u00e9n integrante de la Comisi\u00f3n Legislativa de Programaci\u00f3n, Presupuesto y Cuenta P\u00fablica, se dijo a favor de mejores pol\u00edticas p\u00fablicas que den condiciones para el desarrollo social de la entidad, asimismo, hizo un llamado a los actores p\u00fablicos en la materia, para que en el \u00e1mbito de su competencia act\u00faen siempre en pro de los ciudadanos, \u201cse necesita que tanto la federaci\u00f3n, el estado y los municipios, trabajen en colaboraci\u00f3n para lograr que M\u00e9xico y en especifico Michoac\u00e1n, pueda tener crecimiento econ\u00f3mico\u201d, finaliz\u00f3<\/p>\n","protected":false},"excerpt":{"rendered":"<p>\u201cEs necesaria una estrategia eficiente y clara que evite incrementar la pobreza en Michoac\u00e1n, que ayude verdaderamente a disminuir los altos niveles de pobreza extrema que actualmente se viven en la entidad, a consecuencia de la crisis financiera nacional e internacional aunado a los bajos ingresos de los mexicanos\u201d<\/p>\n","protected":false},"author":1,"featured_media":0,"comment_status":"open","ping_status":"open","sticky":false,"template":"","format":"standard","meta":{"footnotes":""},"categories":[6,8],"tags":[],"class_list":["post-3337","post","type-post","status-publish","format-standard","hentry","category-congreso-del-estado","category-grupo-parlamentario-del-pan"],"_links":{"self":[{"href":"https:\/\/radiowebmx.com\/nota\/wp-json\/wp\/v2\/posts\/3337","targetHints":{"allow":["GET"]}}],"collection":[{"href":"https:\/\/radiowebmx.com\/nota\/wp-json\/wp\/v2\/posts"}],"about":[{"href":"https:\/\/radiowebmx.com\/nota\/wp-json\/wp\/v2\/types\/post"}],"author":[{"embeddable":true,"href":"https:\/\/radiowebmx.com\/nota\/wp-json\/wp\/v2\/users\/1"}],"replies":[{"embeddable":true,"href":"https:\/\/radiowebmx.com\/nota\/wp-json\/wp\/v2\/comments?post=3337"}],"version-history":[{"count":2,"href":"https:\/\/radiowebmx.com\/nota\/wp-json\/wp\/v2\/posts\/3337\/revisions"}],"predecessor-version":[{"id":3339,"href":"https:\/\/radiowebmx.com\/nota\/wp-json\/wp\/v2\/posts\/3337\/revisions\/3339"}],"wp:attachment":[{"href":"https:\/\/radiowebmx.com\/nota\/wp-json\/wp\/v2\/media?parent=3337"}],"wp:term":[{"taxonomy":"category","embeddable":true,"href":"https:\/\/radiowebmx.com\/nota\/wp-json\/wp\/v2\/categories?post=3337"},{"taxonomy":"post_tag","embeddable":true,"href":"https:\/\/radiowebmx.com\/nota\/wp-json\/wp\/v2\/tags?post=3337"}],"curies":[{"name":"wp","href":"https:\/\/api.w.org\/{rel}","templated":true}]}}