{"id":3334,"date":"2013-08-02T09:07:54","date_gmt":"2013-08-02T14:07:54","guid":{"rendered":"https:\/\/radiowebmx.com\/nota\/?p=3334"},"modified":"2013-08-02T09:07:54","modified_gmt":"2013-08-02T14:07:54","slug":"dif-estatal-clausura-cursos-de-verano-en-morelia-y-patzcuaro","status":"publish","type":"post","link":"https:\/\/radiowebmx.com\/nota\/dif-estatal-clausura-cursos-de-verano-en-morelia-y-patzcuaro\/","title":{"rendered":"DIF ESTATAL CLAUSURA CURSOS DE VERANO EN MORELIA Y P\u00c1TZCUARO"},"content":{"rendered":"<p>El Sistema para el Desarrollo Integral de la Familia (DIF) estatal, clausur\u00f3 con \u00e9xito los cursos de verano que imparti\u00f3 tanto en el municipio de P\u00e1tzcuaro, como en el Centro de Arte y Cultura en Morelia.<\/p>\n<p>&nbsp;<\/p>\n<p>Por instrucciones de la directora general del DIF Michoac\u00e1n, Nelly Sastr\u00e9 Gasca, se llevaron a cabo las actividades de verano que congregaron a decenas de ni\u00f1os y j\u00f3venes con la finalidad de convivir, aprender y compartir diversas experiencias.<\/p>\n<p>&nbsp;<\/p>\n<p>En el municipio de P\u00e1tzcuaro, se realiz\u00f3 la clausura del Curso de Verano Internacional \u201cManos Amigas\u201d, en el que la directora de Atenci\u00f3n a Familias en Estado Vulnerable y Enlace Municipal (AFEVEM), Elena de Monserrat Celis Mart\u00ednez, junto con la presidenta municipal, Salma Karrum Cervantes agradecieron su asistencia a los padres de familia, a los j\u00f3venes de intercambio y a los ni\u00f1os que asistieron y que durante dos semanas aprendieron la creaci\u00f3n de huertos escolares.<\/p>\n<p>&nbsp;<\/p>\n<p>Cabe recordar que a trav\u00e9s de la Asociaci\u00f3n \u201cVive M\u00e9xico\u201d, j\u00f3venes de intercambio de pa\u00edses como: Canad\u00e1, Espa\u00f1a, Francia, Corea y Colombia, interactuaron con ni\u00f1os del municipio de P\u00e1tzcuaro para la realizaci\u00f3n de actividades recreativas.<\/p>\n<p>&nbsp;<\/p>\n<p>En el evento de clausura, la directora de AFEVEM y la presidenta municipal de P\u00e1tzcuaro, entregaron los diplomas alusivos al cierre del curso y reconocieron la participaci\u00f3n activa de todos los presentes.<\/p>\n<p>&nbsp;<\/p>\n<p>A su vez, Liliana Mari Tapia, una de las ni\u00f1as beneficiarias del curso, expres\u00f3 su alegr\u00eda por la experiencia que obtuvo en las semanas de convivencia, as\u00ed como Seochee Choo, voluntaria de intercambio de Corea del Sur, quien a\u00f1adi\u00f3 un agradecimiento por la oportunidad de conocer las costumbres y tradiciones del estado de Michoac\u00e1n.<\/p>\n<p>&nbsp;<\/p>\n<p>Paralelamente, en el municipio de Morelia, la directora de Asistencia e Inclusi\u00f3n Social, Tzitlali Montejano Monroy, acudi\u00f3 al Centro de Arte y Cultura para dar por concluidos los cursos de verano en los que se impartieron clases como: manualidades, f\u00fatbol, baile, pintura, escultura, entre otros.<\/p>\n<p>&nbsp;<\/p>\n<p>Este a\u00f1o, resalt\u00f3, existi\u00f3 una mayor participaci\u00f3n de los ni\u00f1os que a trav\u00e9s de las generaciones han conocido lo divertido y entretenido que son los cursos de verano, adem\u00e1s de que adquieren conocimientos pr\u00e1cticos para su desarrollo personal.<\/p>\n<p>&nbsp;<\/p>\n<p>Como parte de la clausura, se les entreg\u00f3 a los participantes, una mochila y una playera alusiva a los cursos de verano.<\/p>\n<p>&nbsp;<\/p>\n<p>Finalmente, los ni\u00f1os presentaron bailables, cantos y exhibiciones de las ense\u00f1anzas que sus profesores les instruyeron en el centro.<\/p>\n","protected":false},"excerpt":{"rendered":"<p>El Sistema para el Desarrollo Integral de la Familia (DIF) estatal, clausur\u00f3 con \u00e9xito los cursos de verano que imparti\u00f3 tanto en el municipio de P\u00e1tzcuaro, como en el Centro de Arte y Cultura en Morelia.<\/p>\n","protected":false},"author":1,"featured_media":0,"comment_status":"open","ping_status":"open","sticky":false,"template":"","format":"standard","meta":{"footnotes":""},"categories":[3],"tags":[],"class_list":["post-3334","post","type-post","status-publish","format-standard","hentry","category-gobierno-del-estado-de-michoacan"],"_links":{"self":[{"href":"https:\/\/radiowebmx.com\/nota\/wp-json\/wp\/v2\/posts\/3334","targetHints":{"allow":["GET"]}}],"collection":[{"href":"https:\/\/radiowebmx.com\/nota\/wp-json\/wp\/v2\/posts"}],"about":[{"href":"https:\/\/radiowebmx.com\/nota\/wp-json\/wp\/v2\/types\/post"}],"author":[{"embeddable":true,"href":"https:\/\/radiowebmx.com\/nota\/wp-json\/wp\/v2\/users\/1"}],"replies":[{"embeddable":true,"href":"https:\/\/radiowebmx.com\/nota\/wp-json\/wp\/v2\/comments?post=3334"}],"version-history":[{"count":2,"href":"https:\/\/radiowebmx.com\/nota\/wp-json\/wp\/v2\/posts\/3334\/revisions"}],"predecessor-version":[{"id":3336,"href":"https:\/\/radiowebmx.com\/nota\/wp-json\/wp\/v2\/posts\/3334\/revisions\/3336"}],"wp:attachment":[{"href":"https:\/\/radiowebmx.com\/nota\/wp-json\/wp\/v2\/media?parent=3334"}],"wp:term":[{"taxonomy":"category","embeddable":true,"href":"https:\/\/radiowebmx.com\/nota\/wp-json\/wp\/v2\/categories?post=3334"},{"taxonomy":"post_tag","embeddable":true,"href":"https:\/\/radiowebmx.com\/nota\/wp-json\/wp\/v2\/tags?post=3334"}],"curies":[{"name":"wp","href":"https:\/\/api.w.org\/{rel}","templated":true}]}}