{"id":3327,"date":"2013-08-02T08:50:58","date_gmt":"2013-08-02T13:50:58","guid":{"rendered":"https:\/\/radiowebmx.com\/nota\/?p=3327"},"modified":"2013-08-02T08:51:19","modified_gmt":"2013-08-02T13:51:19","slug":"incrementara-secretaria-de-educacion-numero-de-escuelas-de-calidad-en-este-ciclo-escolar","status":"publish","type":"post","link":"https:\/\/radiowebmx.com\/nota\/incrementara-secretaria-de-educacion-numero-de-escuelas-de-calidad-en-este-ciclo-escolar\/","title":{"rendered":"INCREMENTAR\u00c1 SECRETAR\u00cdA DE EDUCACI\u00d3N N\u00daMERO DE ESCUELAS DE CALIDAD EN ESTE CICLO ESCOLAR"},"content":{"rendered":"<p><a href=\"https:\/\/radiowebmx.com\/nota\/wp-content\/uploads\/2013\/08\/IMG_1145.jpg\"><img loading=\"lazy\" decoding=\"async\" class=\"alignleft size-full wp-image-3328\" alt=\"IMG_1145\" src=\"https:\/\/radiowebmx.com\/nota\/wp-content\/uploads\/2013\/08\/IMG_1145.jpg\" width=\"591\" height=\"314\" \/><\/a>La Secretar\u00eda de Educaci\u00f3n en Michoac\u00e1n (SEE) incrementar\u00e1 en este ciclo escolar el n\u00famero de planteles de nivel b\u00e1sico beneficiados con el Programa Escuelas de Calidad (PEC), ya que se espera inscribir a 3 mil 100 instituciones, es decir 520 m\u00e1s de las atendidas en el ciclo escolar 2012-2013 y beneficiar a cerca de 260 mil estudiantes.<\/p>\n<p>Juana Mar\u00eda Estrada Jim\u00e9nez, coordinadora estatal del PEC, record\u00f3 que de agosto de 2012 a julio de 2013, fueron 2 mil 580 escuelas desde Preescolar, Primaria y Secundaria en sus diferentes modalidades incluidas, las atendidas por Conafe y se benefici\u00f3 a 257 mil 505 estudiantes, 12 mil 473 docentes, 2 mil 580 directores de 112 municipios participantes.<\/p>\n<p>El prop\u00f3sito del PEC es que las escuelas de Educaci\u00f3n B\u00e1sica transformen su gesti\u00f3n educativa, construyendo una Planeaci\u00f3n Estrat\u00e9gica consistente en las acciones que despliega el plantel a corto y mediano plazo, para orientar su desarrollo y desempe\u00f1o de acuerdo a una clara misi\u00f3n y visi\u00f3n de la comunidad educativa.<\/p>\n<p>La finalidad es contribuir a fortalecer la autonom\u00eda de gesti\u00f3n de las escuelas y zonas escolares, mediante el fomento de la corresponsabilidad de la comunidad escolar en la resoluci\u00f3n de los retos que cada escuela enfrenta en la generaci\u00f3n de condiciones que propicien la mejora del logro educativo.<\/p>\n<p>A 12 a\u00f1os de la aplicaci\u00f3n del Programa Escuelas de Calidad (PEC), las instituciones educativas beneficiadas, han disminuido la reprobaci\u00f3n y deserci\u00f3n, obtienen mejores resultados en ENLACE y toman decisiones de manera colectiva.<\/p>\n<p>Adem\u00e1s, Estrada Jim\u00e9nez expres\u00f3 que el objetivo espec\u00edfico es que las escuelas transformen su gesti\u00f3n escolar a trav\u00e9s de la formaci\u00f3n y liderazgo acad\u00e9mico de sus directivos, para lo cual, el programa ha logrado la certificaci\u00f3n de los 405 directores en el est\u00e1ndar \u201cCoordinaci\u00f3n de Procesos en Gesti\u00f3n Educativa Estrat\u00e9gica en Centros Escolares de Educaci\u00f3n B\u00e1sica\u201d.<\/p>\n<p>El PEC tambi\u00e9n entreg\u00f3 recursos por el orden de 3 millones 685 mil 935 pesos a un total de 89 colectivos escolares que presentaron proyectos de innovaci\u00f3n en las diez regiones del estado.<\/p>\n<p>Los colectivos escolares beneficiados desarrollaron proyectos de car\u00e1cter productivo, como parcelas escolares para la elaboraci\u00f3n de comida saludable; proyectos orientados al desarrollo de nuevas estrategias en el uso de las tecnolog\u00edas y en la ense\u00f1anza de la lectura, as\u00ed como programas que se preocupan del cuidado del medio ambiente.<\/p>\n<p>En t\u00e9rminos generales, se trata de iniciativas orientadas a alcanzar aprendizajes significativos que les servir\u00e1n a los estudiantes como herramientas para aprender a convivir; cada proyecto es acompa\u00f1ado por los equipos de supervisi\u00f3n para el logro de sus metas.<\/p>\n<p><b>LOGROS DEL PROGRAMA<\/b>:<\/p>\n<ul>\n<li>Reducci\u00f3n de la deserci\u00f3n y reprobaci\u00f3n escolar<\/li>\n<li>Transparencia\u00a0 y rendici\u00f3n de cuentas en\u00a0 el ejercicio del gasto educativo<\/li>\n<li>Mejora de las condiciones de operaci\u00f3n de escuelas p\u00fablicas en Michoac\u00e1n<\/li>\n<li>Cultura de la evaluaci\u00f3n para la toma de decisiones<\/li>\n<li>Relaciones interinstitucionales entre los tres niveles de gobierno<\/li>\n<li>Incremento en el logro educativo<\/li>\n<li>Trabajo colaborativo y participativo en el Consejo T\u00e9cnico Escolar<\/li>\n<li>Formaci\u00f3n acad\u00e9mica a los actores educativos en base a sus necesidades<\/li>\n<li>Desarrollo de liderazgos m\u00e1s democr\u00e1ticos, de mayor capacidad para enfatizar aspectos acad\u00e9micos<\/li>\n<li>Mayor compromiso social de las escuelas<\/li>\n<li>Incremento del nivel de confianza entre directores, maestros, alumnos y padres de familia<\/li>\n<li>Ambientes de aprendizaje y clima escolar favorables para el logro educativo<\/li>\n<li>Las asociaciones de padres de familia han adquirido un importante protagonismo en sus intervenciones<\/li>\n<\/ul>\n","protected":false},"excerpt":{"rendered":"<p>La Secretar\u00eda de Educaci\u00f3n en Michoac\u00e1n (SEE) incrementar\u00e1 en este ciclo escolar el n\u00famero de planteles de nivel b\u00e1sico beneficiados con el Programa Escuelas de Calidad (PEC), ya que se espera inscribir a 3 mil 100 instituciones, es decir 520 m\u00e1s de las atendidas en el ciclo escolar 2012-2013 y beneficiar a cerca de 260 mil estudiantes.<\/p>\n","protected":false},"author":1,"featured_media":0,"comment_status":"open","ping_status":"open","sticky":false,"template":"","format":"standard","meta":{"footnotes":""},"categories":[14,3],"tags":[],"class_list":["post-3327","post","type-post","status-publish","format-standard","hentry","category-destacadas","category-gobierno-del-estado-de-michoacan"],"_links":{"self":[{"href":"https:\/\/radiowebmx.com\/nota\/wp-json\/wp\/v2\/posts\/3327","targetHints":{"allow":["GET"]}}],"collection":[{"href":"https:\/\/radiowebmx.com\/nota\/wp-json\/wp\/v2\/posts"}],"about":[{"href":"https:\/\/radiowebmx.com\/nota\/wp-json\/wp\/v2\/types\/post"}],"author":[{"embeddable":true,"href":"https:\/\/radiowebmx.com\/nota\/wp-json\/wp\/v2\/users\/1"}],"replies":[{"embeddable":true,"href":"https:\/\/radiowebmx.com\/nota\/wp-json\/wp\/v2\/comments?post=3327"}],"version-history":[{"count":3,"href":"https:\/\/radiowebmx.com\/nota\/wp-json\/wp\/v2\/posts\/3327\/revisions"}],"predecessor-version":[{"id":3331,"href":"https:\/\/radiowebmx.com\/nota\/wp-json\/wp\/v2\/posts\/3327\/revisions\/3331"}],"wp:attachment":[{"href":"https:\/\/radiowebmx.com\/nota\/wp-json\/wp\/v2\/media?parent=3327"}],"wp:term":[{"taxonomy":"category","embeddable":true,"href":"https:\/\/radiowebmx.com\/nota\/wp-json\/wp\/v2\/categories?post=3327"},{"taxonomy":"post_tag","embeddable":true,"href":"https:\/\/radiowebmx.com\/nota\/wp-json\/wp\/v2\/tags?post=3327"}],"curies":[{"name":"wp","href":"https:\/\/api.w.org\/{rel}","templated":true}]}}