{"id":3325,"date":"2013-08-01T13:08:22","date_gmt":"2013-08-01T18:08:22","guid":{"rendered":"https:\/\/radiowebmx.com\/nota\/?p=3325"},"modified":"2013-08-01T13:08:22","modified_gmt":"2013-08-01T18:08:22","slug":"recibe-gobernador-del-estado-renuncia-de-placido-torres-pineda-como-procurador-general-de-justicia","status":"publish","type":"post","link":"https:\/\/radiowebmx.com\/nota\/recibe-gobernador-del-estado-renuncia-de-placido-torres-pineda-como-procurador-general-de-justicia\/","title":{"rendered":"RECIBE GOBERNADOR DEL ESTADO RENUNCIA DE PL\u00c1CIDO TORRES PINEDA COMO PROCURADOR GENERAL DE JUSTICIA"},"content":{"rendered":"<p>Pl\u00e1cido Torres Pineda, present\u00f3 la noche de este mi\u00e9rcoles al gobernador del estado, Jes\u00fas Reyna Garc\u00eda, su renuncia al cargo de procurador general de Justicia del estado, por motivos de car\u00e1cter personal.<\/p>\n<p>En este sentido, el gobierno del estado comunica que el documento recibido ser\u00e1 analizado por el mandatario estatal, a fin de resolver lo referente a su aceptaci\u00f3n.<\/p>\n<p>Torres Pineda quien cuenta con m\u00e1s de 20 a\u00f1os de trayectoria judicial se desempe\u00f1\u00f3 en el cargo como procurador desde el pasado 06 de marzo de 2012, fecha en la tom\u00f3 protesta ante los integrantes del Poder Legislativo.<\/p>\n<p>Cabe mencionar que Pl\u00e1cido Torres Pineda, se reincorporar\u00e1 -de ser aceptada su renuncia- como magistrado en materia penal del Supremo Tribunal de Justicia de Michoac\u00e1n, cargo del que ten\u00eda licencia mientras se desempe\u00f1\u00f3 como procurador del estado.<\/p>\n<p>&nbsp;<\/p>\n<p>&nbsp;<\/p>\n","protected":false},"excerpt":{"rendered":"<p>Pl\u00e1cido Torres Pineda, present\u00f3 la noche de este mi\u00e9rcoles al gobernador del estado, Jes\u00fas Reyna Garc\u00eda, su renuncia al cargo de procurador general de Justicia del estado, por motivos de car\u00e1cter personal.<\/p>\n","protected":false},"author":1,"featured_media":0,"comment_status":"open","ping_status":"open","sticky":false,"template":"","format":"standard","meta":{"footnotes":""},"categories":[3],"tags":[],"class_list":["post-3325","post","type-post","status-publish","format-standard","hentry","category-gobierno-del-estado-de-michoacan"],"_links":{"self":[{"href":"https:\/\/radiowebmx.com\/nota\/wp-json\/wp\/v2\/posts\/3325","targetHints":{"allow":["GET"]}}],"collection":[{"href":"https:\/\/radiowebmx.com\/nota\/wp-json\/wp\/v2\/posts"}],"about":[{"href":"https:\/\/radiowebmx.com\/nota\/wp-json\/wp\/v2\/types\/post"}],"author":[{"embeddable":true,"href":"https:\/\/radiowebmx.com\/nota\/wp-json\/wp\/v2\/users\/1"}],"replies":[{"embeddable":true,"href":"https:\/\/radiowebmx.com\/nota\/wp-json\/wp\/v2\/comments?post=3325"}],"version-history":[{"count":1,"href":"https:\/\/radiowebmx.com\/nota\/wp-json\/wp\/v2\/posts\/3325\/revisions"}],"predecessor-version":[{"id":3326,"href":"https:\/\/radiowebmx.com\/nota\/wp-json\/wp\/v2\/posts\/3325\/revisions\/3326"}],"wp:attachment":[{"href":"https:\/\/radiowebmx.com\/nota\/wp-json\/wp\/v2\/media?parent=3325"}],"wp:term":[{"taxonomy":"category","embeddable":true,"href":"https:\/\/radiowebmx.com\/nota\/wp-json\/wp\/v2\/categories?post=3325"},{"taxonomy":"post_tag","embeddable":true,"href":"https:\/\/radiowebmx.com\/nota\/wp-json\/wp\/v2\/tags?post=3325"}],"curies":[{"name":"wp","href":"https:\/\/api.w.org\/{rel}","templated":true}]}}