{"id":3320,"date":"2013-08-01T12:57:28","date_gmt":"2013-08-01T17:57:28","guid":{"rendered":"https:\/\/radiowebmx.com\/nota\/?p=3320"},"modified":"2013-08-01T12:57:28","modified_gmt":"2013-08-01T17:57:28","slug":"el-pan-siempre-ha-buscado-la-transparencia-en-la-fiscalizacion-de-los-recursos-publicos-de-michoacan","status":"publish","type":"post","link":"https:\/\/radiowebmx.com\/nota\/el-pan-siempre-ha-buscado-la-transparencia-en-la-fiscalizacion-de-los-recursos-publicos-de-michoacan\/","title":{"rendered":"El PAN siempre ha buscado la transparencia en la fiscalizaci\u00f3n de los recursos p\u00fablicos de Michoac\u00e1n"},"content":{"rendered":"<p><strong>El Grupo Parlamentario del Partido Acci\u00f3n Nacional en el Congreso del Estado siempre se ha mantenido congruente y ha actuado de manera transparente respecto al an\u00e1lisis y fiscalizaci\u00f3n de la Cuenta P\u00fablica del Estado del ejercicio fiscal 2011, por lo que considera de absurdas las declaraciones vertidas por parte de algunos diputados del PRI al respecto.<\/strong><\/p>\n<p><strong>Cabe destacar que la informaci\u00f3n proporcionada por la Auditor\u00eda Superior de Michoac\u00e1n, respecto a la fiscalizaci\u00f3n y dictaminaci\u00f3n de la Cuenta P\u00fablica 2011, ha sido del conocimiento de los 40 diputados de la Septuag\u00e9sima Segunda Legislatura, desde hace m\u00e1s de 6 meses.<\/strong><\/p>\n<p><strong>Los diputados de Acci\u00f3n Nacional han sido los m\u00e1s interesados e insistentes en que el gobierno actual encabezado por el PRI, act\u00fae responsablemente y en consecuencia, buscando clarificar el destino de los recursos p\u00fablicos ejercidos por la pasada administraci\u00f3n perredista y se finquen cargos a los culpables del desorden financiero de la entidad michoacana, asimismo, el Grupo Parlamentario de Acci\u00f3n Nacional no necesita de alianzas con ninguna otra bancada, para actuar en beneficio de los michoacanos con total apego a la legalidad y transparencia.<\/strong><\/p>\n<p>Es importante recordar que desde el mes de marzo, durante una reuni\u00f3n de la Comisi\u00f3n Inspectora de la Auditor\u00eda Superior de Michoac\u00e1n, el diputado del blanquiazul, Jorge Moreno Mart\u00ednez, fue el \u00fanico legislador integrante de la Comisi\u00f3n Dictaminadora que present\u00f3 una propuesta elaborada con 14 puntos, con el objetivo de que la Auditor\u00eda pudiera profundizar y les permitieran actuar de manera espec\u00edfica, para dar cumplimiento a lo dispuesto por el dictamen de la Cuenta P\u00fablica de la Hacienda Estatal correspondiente al ejercicio 2011, mismos que fueron aprobados por los legisladores integrantes y remitidos al titular de \u00f3rgano fiscalizador para su ejecuci\u00f3n, sin que a la fecha, el presidente de la Comisi\u00f3n Juan Carlos Orihuela Tello, otorgara puntual seguimiento a lo propuesto por el legislador panista.<\/p>\n<p>Resulta significativo aclarar que es una obligaci\u00f3n por parte del Ejecutivo Estatal, el rendir cuentas a los ciudadanos sobre el ejercicio fiscal de los recursos p\u00fablicos erogados durante el 2012, as\u00ed como de los a\u00f1os subsecuentes a la actual administraci\u00f3n en turno. Ante ello, los exhortamos a que act\u00faen conforme a la ley y no se escuden en la fiscalizaci\u00f3n de Cuentas P\u00fablicas ya dictaminadas por la actual legislatura.<\/p>\n<p>Asimismo, los diputados del PAN estamos en desacuerdo por las declaraciones vertidas por algunos diputados de la bancada del PRI, quienes de manera irresponsable y sin fundamento legal, tratan de desviar la atenci\u00f3n, queriendo culpar al Partido Acci\u00f3n Nacional de la irresponsabilidad y falta de capacidad del gobierno del Estado, para actuar con firmeza frente al quebranto financiero al erario p\u00fablico del Estado, as\u00ed como a su incapacidad de actuar con congruencia y compromiso en el fincamiento de responsabilidades, de los culpables de mantener a Michoac\u00e1n en desorden.<\/p>\n<p>Finalmente la bancada del albiazul insisti\u00f3 que la postura de algunos diputados priistas, es muestra de la incapacidad e inoperancia de los trabajos realizados por parte del diputado Juan Carlos Orihuela Tello, como presidente de la Comisi\u00f3n Inspectora, ya que este no ha sabido llevar a cabo los trabajos respectivos al frente de dicha Comisi\u00f3n Legislativa.<\/p>\n","protected":false},"excerpt":{"rendered":"<p>El Grupo Parlamentario del Partido Acci\u00f3n Nacional en el Congreso del Estado siempre se ha mantenido congruente y ha actuado de manera transparente respecto al an\u00e1lisis y fiscalizaci\u00f3n de la Cuenta P\u00fablica del Estado del ejercicio fiscal 2011, por lo que considera de absurdas las declaraciones vertidas por parte de algunos diputados del PRI al [&hellip;]<\/p>\n","protected":false},"author":1,"featured_media":0,"comment_status":"open","ping_status":"open","sticky":false,"template":"","format":"standard","meta":{"footnotes":""},"categories":[3],"tags":[],"class_list":["post-3320","post","type-post","status-publish","format-standard","hentry","category-gobierno-del-estado-de-michoacan"],"_links":{"self":[{"href":"https:\/\/radiowebmx.com\/nota\/wp-json\/wp\/v2\/posts\/3320","targetHints":{"allow":["GET"]}}],"collection":[{"href":"https:\/\/radiowebmx.com\/nota\/wp-json\/wp\/v2\/posts"}],"about":[{"href":"https:\/\/radiowebmx.com\/nota\/wp-json\/wp\/v2\/types\/post"}],"author":[{"embeddable":true,"href":"https:\/\/radiowebmx.com\/nota\/wp-json\/wp\/v2\/users\/1"}],"replies":[{"embeddable":true,"href":"https:\/\/radiowebmx.com\/nota\/wp-json\/wp\/v2\/comments?post=3320"}],"version-history":[{"count":2,"href":"https:\/\/radiowebmx.com\/nota\/wp-json\/wp\/v2\/posts\/3320\/revisions"}],"predecessor-version":[{"id":3322,"href":"https:\/\/radiowebmx.com\/nota\/wp-json\/wp\/v2\/posts\/3320\/revisions\/3322"}],"wp:attachment":[{"href":"https:\/\/radiowebmx.com\/nota\/wp-json\/wp\/v2\/media?parent=3320"}],"wp:term":[{"taxonomy":"category","embeddable":true,"href":"https:\/\/radiowebmx.com\/nota\/wp-json\/wp\/v2\/categories?post=3320"},{"taxonomy":"post_tag","embeddable":true,"href":"https:\/\/radiowebmx.com\/nota\/wp-json\/wp\/v2\/tags?post=3320"}],"curies":[{"name":"wp","href":"https:\/\/api.w.org\/{rel}","templated":true}]}}