{"id":3314,"date":"2013-08-01T12:43:56","date_gmt":"2013-08-01T17:43:56","guid":{"rendered":"https:\/\/radiowebmx.com\/nota\/?p=3314"},"modified":"2013-08-01T12:43:56","modified_gmt":"2013-08-01T17:43:56","slug":"secretario-de-educacion-asiste-a-homenaje-al-general-ignacio-lopez-rayon-en-tlalpujahua","status":"publish","type":"post","link":"https:\/\/radiowebmx.com\/nota\/secretario-de-educacion-asiste-a-homenaje-al-general-ignacio-lopez-rayon-en-tlalpujahua\/","title":{"rendered":"SECRETARIO DE EDUCACI\u00d3N ASISTE A HOMENAJE AL GENERAL IGNACIO L\u00d3PEZ RAY\u00d3N EN TLALPUJAHUA"},"content":{"rendered":"<p>El secretario de Educaci\u00f3n en el estado, J. Jes\u00fas Sierra Arias, acudi\u00f3 en representaci\u00f3n del gobernador Jes\u00fas Reyna Garc\u00eda, a la ceremonia para conmemorar el CCXL Aniversario del Natalicio del General de Divisi\u00f3n, Primer Secretario de Gobierno Americano, Primer Constitucionalista y Benem\u00e9rito de la Patria, Lic. Ignacio L\u00f3pez Ray\u00f3n.<\/p>\n<p>Durante su mensaje, Sierra Arias enfatiz\u00f3 que s\u00f3lo el trabajo unido entre la ciudadan\u00eda y las autoridades, puede lograr acciones importantes en beneficio de la poblaci\u00f3n y eventos positivos como este homenaje del primer constitucionalista de M\u00e9xico, as\u00ed como la entrega de la Presea y el hermanamiento entre el ayuntamiento de Jungapeo y el de Tlalpujahua, permiten fortalecer el tejido social.<\/p>\n<p>En dicho evento, el titular de la pol\u00edtica educativa en Michoac\u00e1n entreg\u00f3 la Presea Ignacio L\u00f3pez Ray\u00f3n a tres ciudadanos por su contribuci\u00f3n a la vida social, cultural y econ\u00f3mica del municipio, del estado, del pa\u00eds y m\u00e1s all\u00e1 de las fronteras. Los galardonados son: la maestra Mar\u00eda de los \u00c1ngeles L\u00f3pez de Canseco; el se\u00f1or Efra\u00edn Oca\u00f1a Vargas y el director general de la Cooperativa Cruz Azul, Guillermo \u00c1lvarez Cuevas.<\/p>\n<p>La galardonada Mar\u00eda de los \u00c1ngeles L\u00f3pez, solicit\u00f3 al secretario de Educaci\u00f3n, la creaci\u00f3n de un Centro de Atenci\u00f3n M\u00faltiple para brindar el servicio educativo especial; en tanto que el director general de la Cooperativa Cruz Azul, Guillermo \u00c1lvarez Cuevas, entreg\u00f3 al ayuntamiento las escrituras de un terreno que ser\u00e1 utilizado como espacio de recreaci\u00f3n y deporte para beneficio de los habitantes.<\/p>\n<p>En el acto, Erick Vladimir Cedillo Hinojosa, presidente municipal de Santa Mar\u00eda Ray\u00f3n perteneciente al estado de M\u00e9xico, entreg\u00f3 la solicitud oficial aprobada por el Cabildo para el hermanamiento con el ayuntamiento anfitri\u00f3n, aspecto que permite entre los pueblos un mayor reconocimiento a sus acciones y el intercambio para el crecimiento de sus pobladores.<\/p>\n<p>El pres\u00eddium estuvo integrado por Rogelio Caballero Meraz, delegado de la Secretar\u00eda de Gobernaci\u00f3n en Michoac\u00e1n; el Mayor de la Fuerza A\u00e9rea Mexicana y representante de la XXI Zona Militar, Jos\u00e9 Rafael Mendoza Gonz\u00e1lez;\u00a0 as\u00ed como el presidente municipal de Jungapeo, Carlos Rodr\u00edguez Iturbe; el diputado local Reginaldo Sandoval e integrantes de los Cabildos de Jungapeo y Tlalpujahua.<\/p>\n","protected":false},"excerpt":{"rendered":"<p>El secretario de Educaci\u00f3n en el estado, J. Jes\u00fas Sierra Arias, acudi\u00f3 en representaci\u00f3n del gobernador Jes\u00fas Reyna Garc\u00eda, a la ceremonia para conmemorar el CCXL Aniversario del Natalicio del General de Divisi\u00f3n<\/p>\n","protected":false},"author":1,"featured_media":0,"comment_status":"open","ping_status":"open","sticky":false,"template":"","format":"standard","meta":{"footnotes":""},"categories":[3],"tags":[],"class_list":["post-3314","post","type-post","status-publish","format-standard","hentry","category-gobierno-del-estado-de-michoacan"],"_links":{"self":[{"href":"https:\/\/radiowebmx.com\/nota\/wp-json\/wp\/v2\/posts\/3314","targetHints":{"allow":["GET"]}}],"collection":[{"href":"https:\/\/radiowebmx.com\/nota\/wp-json\/wp\/v2\/posts"}],"about":[{"href":"https:\/\/radiowebmx.com\/nota\/wp-json\/wp\/v2\/types\/post"}],"author":[{"embeddable":true,"href":"https:\/\/radiowebmx.com\/nota\/wp-json\/wp\/v2\/users\/1"}],"replies":[{"embeddable":true,"href":"https:\/\/radiowebmx.com\/nota\/wp-json\/wp\/v2\/comments?post=3314"}],"version-history":[{"count":1,"href":"https:\/\/radiowebmx.com\/nota\/wp-json\/wp\/v2\/posts\/3314\/revisions"}],"predecessor-version":[{"id":3315,"href":"https:\/\/radiowebmx.com\/nota\/wp-json\/wp\/v2\/posts\/3314\/revisions\/3315"}],"wp:attachment":[{"href":"https:\/\/radiowebmx.com\/nota\/wp-json\/wp\/v2\/media?parent=3314"}],"wp:term":[{"taxonomy":"category","embeddable":true,"href":"https:\/\/radiowebmx.com\/nota\/wp-json\/wp\/v2\/categories?post=3314"},{"taxonomy":"post_tag","embeddable":true,"href":"https:\/\/radiowebmx.com\/nota\/wp-json\/wp\/v2\/tags?post=3314"}],"curies":[{"name":"wp","href":"https:\/\/api.w.org\/{rel}","templated":true}]}}