{"id":3310,"date":"2013-08-01T12:18:12","date_gmt":"2013-08-01T17:18:12","guid":{"rendered":"https:\/\/radiowebmx.com\/nota\/?p=3310"},"modified":"2013-08-01T12:27:29","modified_gmt":"2013-08-01T17:27:29","slug":"entrega-dif-estatal-becas-a-personas-con-discapacidad","status":"publish","type":"post","link":"https:\/\/radiowebmx.com\/nota\/entrega-dif-estatal-becas-a-personas-con-discapacidad\/","title":{"rendered":"ENTREGA DIF ESTATAL BECAS A PERSONAS CON DISCAPACIDAD"},"content":{"rendered":"<p>La Directora del Sistema para el Desarrollo Integral de la Familia (DIF) estatal, Nelly Sastr\u00e9 Gasca, encabez\u00f3 la entrega de becas que mensualmente de manera puntual, la dependencia otorga a personas con discapacidad.<\/p>\n<p>&nbsp;<\/p>\n<p>Durante la entrega simb\u00f3lica de apoyos a los 162 morelianos con discapacidad beneficiarios, Sastr\u00e9 Gasca explic\u00f3 que mes con mes, el DIF estatal hace llegar a trav\u00e9s de los sistemas DIF municipales, los recursos a los becarios de todo Michoac\u00e1n y el padr\u00f3n es revisado cada semestre para que haya transparencia en la operaci\u00f3n de este programa.<\/p>\n<p>&nbsp;<\/p>\n<p>Por su parte, Juan Nicol\u00e1s Anastasio Francisco, quien recibi\u00f3 de manos de la titular del DIF Michoac\u00e1n el apoyo econ\u00f3mico mensual, agradeci\u00f3 a nombre de los beneficiarios esta beca que le ayuda a hacer frente a los gastos para atender su salud y apoyar la manutenci\u00f3n de su hogar.<\/p>\n<p>&nbsp;<\/p>\n<p>Cabe mencionar que a trav\u00e9s del gobierno federal fue gestionada la entrega de dicho beneficio en todo el estado, el cual es destinado para personas con diversas discapacidades, tales como s\u00edndrome de Down, par\u00e1lisis cerebral, retraso mental, entre otras.<\/p>\n<p>&nbsp;<\/p>\n<p>Los requisitos para acceder al beneficio son: acreditar el estudio socioecon\u00f3mico y el examen m\u00e9dico que confirme su discapacidad; y no ser beneficiario del Instituto Mexicano del Seguro Social (IMSS), o el Instituto de Seguridad y Servicios Sociales para los Trabajadores del Estado (ISSSTE).<\/p>\n<p>&nbsp;<\/p>\n<p>Los becarios agradecieron a Nelly Sastr\u00e9 y a la directora de Asistencia e Inclusi\u00f3n Social de la dependencia, Tzitlali Montejano Monroy, la gesti\u00f3n realizada por el DIF estatal para obtener este recurso que se deriva de instancias federales.<\/p>\n<p>&nbsp;<\/p>\n<p>&nbsp;<\/p>\n","protected":false},"excerpt":{"rendered":"<p>La Directora del Sistema para el Desarrollo Integral de la Familia (DIF) estatal, Nelly Sastr\u00e9 Gasca, encabez\u00f3 la entrega de becas que mensualmente de manera puntual, la dependencia otorga a personas con discapacidad.<\/p>\n","protected":false},"author":1,"featured_media":0,"comment_status":"open","ping_status":"open","sticky":false,"template":"","format":"standard","meta":{"footnotes":""},"categories":[3],"tags":[],"class_list":["post-3310","post","type-post","status-publish","format-standard","hentry","category-gobierno-del-estado-de-michoacan"],"_links":{"self":[{"href":"https:\/\/radiowebmx.com\/nota\/wp-json\/wp\/v2\/posts\/3310","targetHints":{"allow":["GET"]}}],"collection":[{"href":"https:\/\/radiowebmx.com\/nota\/wp-json\/wp\/v2\/posts"}],"about":[{"href":"https:\/\/radiowebmx.com\/nota\/wp-json\/wp\/v2\/types\/post"}],"author":[{"embeddable":true,"href":"https:\/\/radiowebmx.com\/nota\/wp-json\/wp\/v2\/users\/1"}],"replies":[{"embeddable":true,"href":"https:\/\/radiowebmx.com\/nota\/wp-json\/wp\/v2\/comments?post=3310"}],"version-history":[{"count":3,"href":"https:\/\/radiowebmx.com\/nota\/wp-json\/wp\/v2\/posts\/3310\/revisions"}],"predecessor-version":[{"id":3312,"href":"https:\/\/radiowebmx.com\/nota\/wp-json\/wp\/v2\/posts\/3310\/revisions\/3312"}],"wp:attachment":[{"href":"https:\/\/radiowebmx.com\/nota\/wp-json\/wp\/v2\/media?parent=3310"}],"wp:term":[{"taxonomy":"category","embeddable":true,"href":"https:\/\/radiowebmx.com\/nota\/wp-json\/wp\/v2\/categories?post=3310"},{"taxonomy":"post_tag","embeddable":true,"href":"https:\/\/radiowebmx.com\/nota\/wp-json\/wp\/v2\/tags?post=3310"}],"curies":[{"name":"wp","href":"https:\/\/api.w.org\/{rel}","templated":true}]}}