{"id":3306,"date":"2013-08-01T11:04:43","date_gmt":"2013-08-01T16:04:43","guid":{"rendered":"https:\/\/radiowebmx.com\/nota\/?p=3306"},"modified":"2013-08-01T11:04:43","modified_gmt":"2013-08-01T16:04:43","slug":"congreso-del-estado-a-la-espera-de-informe-del-ejecutivo-sobre-medidas-de-prevencion-a-periodistas-maria-eugenia-mendez","status":"publish","type":"post","link":"https:\/\/radiowebmx.com\/nota\/congreso-del-estado-a-la-espera-de-informe-del-ejecutivo-sobre-medidas-de-prevencion-a-periodistas-maria-eugenia-mendez\/","title":{"rendered":"Congreso del Estado a la espera de informe del Ejecutivo sobre medidas de prevenci\u00f3n a periodistas: Mar\u00eda Eugenia M\u00e9ndez"},"content":{"rendered":"<p><a href=\"https:\/\/radiowebmx.com\/nota\/wp-content\/uploads\/2013\/08\/Dip.-Mar\u00eda-Eugenia-M\u00e9ndez.jpg\"><img loading=\"lazy\" decoding=\"async\" class=\"alignleft size-full wp-image-3307\" alt=\"Dip. Mar\u00eda Eugenia M\u00e9ndez\" src=\"https:\/\/radiowebmx.com\/nota\/wp-content\/uploads\/2013\/08\/Dip.-Mar\u00eda-Eugenia-M\u00e9ndez.jpg\" width=\"591\" height=\"335\" \/><\/a>A un a\u00f1o de que se haya publicado la Ley para la Protecci\u00f3n de Personas Defensoras de Derechos Humanos y Periodistas, las acciones que se han realizado en beneficio y protecci\u00f3n de estos grupos, no han sido visualizadas, ante ello, el Congreso del Estado se mantiene en espera, para que el Ejecutivo del Estado, informe sobre las acciones implementadas, as\u00ed como los mecanismos en funciones que han puesto en marcha, para la protecci\u00f3n de este sector vulnerable de la sociedad, as\u00ed lo inform\u00f3 la diputada Mar\u00eda Eugenia M\u00e9ndez D\u00e1valos.<\/p>\n<p>La parlamentaria M\u00e9ndez D\u00e1valos se\u00f1al\u00f3, \u201ces urgente que el Gobierno Estatal en colaboraci\u00f3n con el Federal, implementen los mecanismos necesarios que coadyuven en la prevenci\u00f3n y protecci\u00f3n, as\u00ed como el que les permita resolver algunas de las causas profundas de la violencia contra los periodistas y de la impunidad que actualmente prevalece en nuestro Estado, asimismo, las autoridades competentes deben garantizar el pleno ejercicio period\u00edstico de este sector responsable de informar a la poblaci\u00f3n sobre lo que acontece en nuestra entidad y proteger su integridad f\u00edsica y psicol\u00f3gica en cualquiera de sus \u00e1mbitos\u201d, reiter\u00f3.<\/p>\n<p>Es importante recordar que el pasado 09 de julio, las diputadas integrantes del Grupo Parlamentario del Partido Acci\u00f3n Nacional, Mar\u00eda Eugenia M\u00e9ndez D\u00e1valos y Laura Gonz\u00e1lez Mart\u00ednez, presentaron ante el Pleno un Punto de Acuerdo para que\u00a0el titular del Ejecutivo Estatal en un t\u00e9rmino no mayor a treinta d\u00edas a partir de la fecha solicitada, informe lo referente a los mecanismos que han emprendido, en cumplimiento a la Ley para la Protecci\u00f3n de Personas Defensoras de Derechos Humanos y Periodistas, a fin de hacer efectivas las medidas previstas en el mecanismo para garantizar la vida, integridad, as\u00ed como la libertad y seguridad del sector michoacanos.<\/p>\n<p>Cabe destacar que en nuestro pa\u00eds, este 25 de junio se cumpli\u00f3 un a\u00f1o desde que se public\u00f3 la Ley para la Protecci\u00f3n de Personas Defensoras de Derechos Humanos y Periodistas, misma que contempla medidas de prevenci\u00f3n y acciones espec\u00edficas para su erradicaci\u00f3n. Sin embargo, Amnist\u00eda Internacional y diferentes organizaciones civiles, se\u00f1alan que dicha ley ha mostrado grandes debilidades y deficiencias, sobre todo porque no parece contar con el apoyo institucional ni con el nivel de prioridad necesarios por parte del Ejecutivo federal y de las autoridades estatales.<\/p>\n<p>Finalmente, la representante del blanquiazul, reiter\u00f3 que en Acci\u00f3n Nacional estar\u00e1n vigilantes y atentos de que se informe al Congreso del Estado sobre las acciones implementadas y que la ley se cumpla conforme a derecho.<\/p>\n","protected":false},"excerpt":{"rendered":"<p>A un a\u00f1o de que se haya publicado la Ley para la Protecci\u00f3n de Personas Defensoras de Derechos Humanos y Periodistas,<\/p>\n","protected":false},"author":1,"featured_media":0,"comment_status":"open","ping_status":"open","sticky":false,"template":"","format":"standard","meta":{"footnotes":""},"categories":[14,3],"tags":[],"class_list":["post-3306","post","type-post","status-publish","format-standard","hentry","category-destacadas","category-gobierno-del-estado-de-michoacan"],"_links":{"self":[{"href":"https:\/\/radiowebmx.com\/nota\/wp-json\/wp\/v2\/posts\/3306","targetHints":{"allow":["GET"]}}],"collection":[{"href":"https:\/\/radiowebmx.com\/nota\/wp-json\/wp\/v2\/posts"}],"about":[{"href":"https:\/\/radiowebmx.com\/nota\/wp-json\/wp\/v2\/types\/post"}],"author":[{"embeddable":true,"href":"https:\/\/radiowebmx.com\/nota\/wp-json\/wp\/v2\/users\/1"}],"replies":[{"embeddable":true,"href":"https:\/\/radiowebmx.com\/nota\/wp-json\/wp\/v2\/comments?post=3306"}],"version-history":[{"count":2,"href":"https:\/\/radiowebmx.com\/nota\/wp-json\/wp\/v2\/posts\/3306\/revisions"}],"predecessor-version":[{"id":3309,"href":"https:\/\/radiowebmx.com\/nota\/wp-json\/wp\/v2\/posts\/3306\/revisions\/3309"}],"wp:attachment":[{"href":"https:\/\/radiowebmx.com\/nota\/wp-json\/wp\/v2\/media?parent=3306"}],"wp:term":[{"taxonomy":"category","embeddable":true,"href":"https:\/\/radiowebmx.com\/nota\/wp-json\/wp\/v2\/categories?post=3306"},{"taxonomy":"post_tag","embeddable":true,"href":"https:\/\/radiowebmx.com\/nota\/wp-json\/wp\/v2\/tags?post=3306"}],"curies":[{"name":"wp","href":"https:\/\/api.w.org\/{rel}","templated":true}]}}