{"id":3300,"date":"2013-07-31T11:43:22","date_gmt":"2013-07-31T16:43:22","guid":{"rendered":"https:\/\/radiowebmx.com\/nota\/?p=3300"},"modified":"2013-07-31T11:53:13","modified_gmt":"2013-07-31T16:53:13","slug":"se-suma-parque-zoologico-a-acciones-por-apoyar-a-victimas-u-ofendidos-de-delitos","status":"publish","type":"post","link":"https:\/\/radiowebmx.com\/nota\/se-suma-parque-zoologico-a-acciones-por-apoyar-a-victimas-u-ofendidos-de-delitos\/","title":{"rendered":"SE SUMA PARQUE ZOOL\u00d3GICO A ACCIONES POR APOYAR A V\u00cdCTIMAS U OFENDIDOS DE DELITOS"},"content":{"rendered":"<p><a href=\"https:\/\/radiowebmx.com\/nota\/wp-content\/uploads\/2013\/07\/DSC_0141.jpg\"><img loading=\"lazy\" decoding=\"async\" class=\"alignleft size-full wp-image-3301\" alt=\"DSC_0141\" src=\"https:\/\/radiowebmx.com\/nota\/wp-content\/uploads\/2013\/07\/DSC_0141.jpg\" width=\"591\" height=\"241\" \/><\/a>Con la finalidad de alentar de manera significativa a las personas que son v\u00edctimas u ofendidos de delitos, adem\u00e1s de acercarles un espacio de sano esparcimiento familiar, este d\u00eda el Zool\u00f3gico \u201cBenito Ju\u00e1rez\u201d y la Procuradur\u00eda Social de Atenci\u00f3n a las V\u00edctimas de Delito (PROVICTIMA), signaron un convenio de colaboraci\u00f3n institucional.<\/p>\n<p>Mart\u00edn Zavala Mondrag\u00f3n, director general de este Parque, agreg\u00f3 que el Zool\u00f3gico no solo es un espacio de exhibici\u00f3n de la fauna, sino un sitio educativo y en ese tenor, mediante este convenio de colaboraci\u00f3n, ambas instituciones instrumentar\u00e1n acciones a efecto de que las v\u00edctimas u ofendidos del delito, as\u00ed como los familiares de personas desaparecidas o no localizadas, referenciados por PROV\u00cdCTIMA, obtengan un descuento directo sobre los precios de entrada y dem\u00e1s servicios.<\/p>\n<p>As\u00ed, el Zool\u00f3gico se compromete a proporcionar el 50 por ciento de descuento en la entrada general y en el Paquete Silver -que incluye los principales atractivos internos. En caso de que la visita sea grupal, el precio incluir\u00e1 un gu\u00eda instructor que asignar\u00e1 el Parque para el recorrido.<\/p>\n<p>Adem\u00e1s se proporcionar\u00e1 un 50 por ciento de descuento de lunes a viernes y un 25 por ciento de descuento los s\u00e1bados y domingos, en la renta de los cenadores para reuniones sociales que soliciten; esto ser\u00eda en el anexo del zool\u00f3gico que es el Parque Infantil 150, ubicado en la calle Sans\u00f3n Flores S\/N de la Colonia Electricistas en Morelia, Michoac\u00e1n.<\/p>\n<p>Zavala Mondrag\u00f3n manifest\u00f3 que otro gran atractivo es el Recorrido Nocturno que se lleva a cabo los viernes a partir de las 7:30 de la noche, para el cual se otorgar\u00e1 a los referenciados de PROV\u00cdCTIMA, un 25 por ciento de descuento.<\/p>\n<p>Por su parte Arnulfo Sandoval Cervantes, titular del Centro de Atenci\u00f3n a V\u00edctimas u Ofendidos de Delitos en Morelia, en representaci\u00f3n de Sara Irene Herrer\u00edas Guerra, Procuradora Social de Atenci\u00f3n a las V\u00edctimas de Delitos, se\u00f1al\u00f3 que el trabajo conjunto entre las dependencias estatales y federales, permite coadyuvar en que personas puedan sobrellevar los momentos dif\u00edciles en su vida, como el haber sido v\u00edctima de alg\u00fan delito.<\/p>\n<p>Puntualiz\u00f3 que PROV\u00cdCTIMA se compromete con este convenio a difundir entre las v\u00edctimas u ofendidos de delitos, as\u00ed como entre los familiares de personas desaparecidas o no localizadas, las promociones y beneficios que ofrece el zool\u00f3gico.<\/p>\n<p>Cabe recalcar que para que el zool\u00f3gico aplique los descuentos antes citados a las personas referenciadas por PROV\u00cdCTIMA, es importante que \u00e9stas presenten la solicitud por escrito cuando menos con tres d\u00edas de anticipaci\u00f3n al Parque.<\/p>\n<p>&nbsp;<\/p>\n<p>Este convenio entra en vigor a partir de este martes y tendr\u00e1 una vigencia hasta el 30 de septiembre de 2015. Vencido el plazo, se proceder\u00e1 a su revisi\u00f3n y renovaci\u00f3n en funci\u00f3n de los ajustes que los interesados convengan aplicar.<\/p>\n<p>&nbsp;<\/p>\n<p>&nbsp;<\/p>\n","protected":false},"excerpt":{"rendered":"<p>Con la finalidad de alentar de manera significativa a las personas que son v\u00edctimas u ofendidos de delitos, adem\u00e1s de acercarles un espacio de sano esparcimiento familiar, este d\u00eda el Zool\u00f3gico \u201cBenito Ju\u00e1rez\u201d y la Procuradur\u00eda Social de Atenci\u00f3n a las V\u00edctimas de Delito (PROVICTIMA), signaron un convenio de colaboraci\u00f3n institucional. Mart\u00edn Zavala Mondrag\u00f3n, director [&hellip;]<\/p>\n","protected":false},"author":1,"featured_media":0,"comment_status":"open","ping_status":"open","sticky":false,"template":"","format":"standard","meta":{"footnotes":""},"categories":[14,3],"tags":[],"class_list":["post-3300","post","type-post","status-publish","format-standard","hentry","category-destacadas","category-gobierno-del-estado-de-michoacan"],"_links":{"self":[{"href":"https:\/\/radiowebmx.com\/nota\/wp-json\/wp\/v2\/posts\/3300","targetHints":{"allow":["GET"]}}],"collection":[{"href":"https:\/\/radiowebmx.com\/nota\/wp-json\/wp\/v2\/posts"}],"about":[{"href":"https:\/\/radiowebmx.com\/nota\/wp-json\/wp\/v2\/types\/post"}],"author":[{"embeddable":true,"href":"https:\/\/radiowebmx.com\/nota\/wp-json\/wp\/v2\/users\/1"}],"replies":[{"embeddable":true,"href":"https:\/\/radiowebmx.com\/nota\/wp-json\/wp\/v2\/comments?post=3300"}],"version-history":[{"count":3,"href":"https:\/\/radiowebmx.com\/nota\/wp-json\/wp\/v2\/posts\/3300\/revisions"}],"predecessor-version":[{"id":3303,"href":"https:\/\/radiowebmx.com\/nota\/wp-json\/wp\/v2\/posts\/3300\/revisions\/3303"}],"wp:attachment":[{"href":"https:\/\/radiowebmx.com\/nota\/wp-json\/wp\/v2\/media?parent=3300"}],"wp:term":[{"taxonomy":"category","embeddable":true,"href":"https:\/\/radiowebmx.com\/nota\/wp-json\/wp\/v2\/categories?post=3300"},{"taxonomy":"post_tag","embeddable":true,"href":"https:\/\/radiowebmx.com\/nota\/wp-json\/wp\/v2\/tags?post=3300"}],"curies":[{"name":"wp","href":"https:\/\/api.w.org\/{rel}","templated":true}]}}