{"id":32703,"date":"2017-03-16T11:57:11","date_gmt":"2017-03-16T17:57:11","guid":{"rendered":"https:\/\/radiowebmx.com\/nota\/?p=32703"},"modified":"2017-03-16T11:57:11","modified_gmt":"2017-03-16T17:57:11","slug":"temas-de-cafe-635","status":"publish","type":"post","link":"https:\/\/radiowebmx.com\/nota\/temas-de-cafe-635\/","title":{"rendered":"TEMAS DE CAF\u00c9"},"content":{"rendered":"<ul>\n<li>CUITZEO, SEMARNACC Y SALUD<\/li>\n<li>RICARDO, OSWALDO RODRIGUEZ<\/li>\n<li>LO QUE DIJO ENRIQUE OCHO REZA<\/li>\n<li>19 PROTESTA CONTRA LA REFORMA<\/li>\n<\/ul>\n<p>Por Juan Manuel BELMONTE<\/p>\n<p>La laguna de Cuitzeo es la segunda en importancia en el pa\u00eds, a pesar de eso las autoridades federales, estatales y desde luego las municipales lo tienen en el completo de los olvidos, totalmente diferente a lo que se ha hecho e invertido, en el lago de P\u00e1tzcuaro esta laguna regula el clima, y da refugio a miles de aves migratorias y adem\u00e1s cuenta con especies end\u00e9micas, el caso de la laguna es endorreica es decir no tiene salida, y de acuerdo a los \u00faltimos estudios realizado por organismos extraterrestres, se considera que fue creado por un impacto de un meteorito har\u00e1 unos 12 mil 900 a\u00f1os, porque se han encontrado elementos que as\u00ed lo hacen suponer, y desde hace varios a\u00f1os la parte poniente de esta laguna, c\u00edclicamente se empez\u00f3 a secar en tiempos de est\u00edo, y cuando los a\u00f1os son secos como el actual,\u00a0 la poblaci\u00f3n de varios pueblos padecen los efectos, de las tolvaneras y ni as\u00ed se hace algo para\u00a0 remediar la situaci\u00f3n.<\/p>\n<p>EXHORTO DE JAIME HINOJOSA CAMPA<\/p>\n<p>Ayer en la sesi\u00f3n ordinaria del congreso michoacano el diputado Jaime Hinojosa Campa, solicit\u00f3 un punto de acuerdo para hacer un exhorto, a las autoridades de la Semarnacc, Conagua, la Secretaria de Salud y a la Semarnat, para que trabajen en forma conjunta para tratar de rescatar a la laguna, que tambi\u00e9n sirve como proveedora de pescado a la poblaci\u00f3n, que vive cerca de esta laguna pero sabemos que a pesar, de esto no se har\u00e1 nada porque las tolvaneras tienen varia semanas,\u00a0 y lo \u00fanico que se ha hecho es entregar cubre bocas, a una parte de la poblaci\u00f3n cuando eso es como darle, una aspirina a un enfermo terminal de c\u00e1ncer.<\/p>\n<p>SE MUERE LA LAGUNA P0R CAUSAS NATURALES<\/p>\n<p>Para el delegado de Conagua Oswaldo Rodr\u00edguez la laguna se seca o se muere, por causas naturales o sea que para este se\u00f1or, no hay nada qu\u00e9 hacer porque afirma que la parte poniente, se encuentra un poco m\u00e1s elevada que la oriente, ya que la laguna est\u00e1 dividida por dos calzadas, pero tal vez ignora este se\u00f1or que en la primera calzada, se puso un tap\u00f3n hace a\u00f1os para evitar que el agua de la parte oriente, pasara a la poniente provocando la sequedad, de esta parte y esto no es muy natural.<\/p>\n<p>300 MILLONES SE REQUIEREN PARA EMPEZAR<\/p>\n<p>En el exhorto que se aprob\u00f3 en el Congreso ayer, Campa Hinojosa expone la necesidad de 300 millones de pesos, para empezar a trabajar en la rehabilitaci\u00f3n de la laguna, y solicit\u00f3\u00a0 que la Secretaria de Salud declare Alerta Epidemiol\u00f3gica, con la finalidad de que se mantengan en forma permanente\u00a0 dos unidades m\u00e9dicas, para atender los problemas de salud de las personas, que viven en las poblaciones cercanas a esta laguna, y para empezar \u00a0hay que quitar las construcciones, que se han hecho de particulares en el lecho de esta laguna. Ricardo Luna debe ponerse a estudiar este caso, porque no sabe mucho de esto.<\/p>\n<p>ENRIQUE: LO QUE DIJO Y LO QUE DICEN QUE DIJO<\/p>\n<p>Aunque ya no es novedad que el dirigente nacional del PRI, venga a Morelia ya sabe usted aqu\u00ed vive su mam\u00e1 aqu\u00ed tiene una casa en Altozano, siempre sus visitas causan revuelo y ayer no fue la excepci\u00f3n, y como usted sabe hay algunos medios que entienden\u00a0 una cosa diferente, a lo que dice la gente\u00a0 a veces esto de la informaci\u00f3n se parece, al S\u00edndrome del\u00a0 Tel\u00e9fono Descompuesto, y claro que entre la preguntas que le hacen siempre a Ochoa Rezan, tienen que ver con el ex gobernador Fausto Vallejo.<\/p>\n<p>Algunos medios sacaron de contexto las respuestas del dirigente nacional, del PRI Enrique Ochoa Reza sobre la situaci\u00f3n que guarda hoy,\u00a0 el ex gobernador del estado Fausto Vallejo Figueroa, pero tenemos la versi\u00f3n original para evitar suspicacias, y es que Enrique estuvo ayer por la ma\u00f1ana en la explanada, de la estatua ecuestre de Jos\u00e9 Mar\u00eda Morelos, realiza algunos\u00a0 spots para la televisi\u00f3n y las redes sociales, y ah\u00ed fue entrevistado por diversos medios de comunicaci\u00f3n, ahora s\u00ed acept\u00f3 hablar con ellos porque la \u00faltima vez que vino, no lo hizo por lo menos no con todos.<\/p>\n<p>COMISI\u00d3N DE JUSTICIA PARTIDARIA RESPONSABLE<\/p>\n<p>Desde nuestro punto de vista no hubo novedad en el frente, porque ya lo ha dicho en otras ocasiones, afirm\u00f3 que ha habido un se\u00f1alamiento muy claro en contra del ex gobernador Fausto Vallejo, por distintos militantes partidarios ciertamente, la Comisi\u00f3n de Justicia Partidaria, una vez que conozca las acusaciones de manera concreta, continuar\u00e1 el curso de las investigaciones, y de las resoluciones que en su caso competan como ha sido, con otros ex gobernadores se\u00f1alados, por abuso de la funci\u00f3n p\u00fablica. O sea por hoy\u00a0 no hay nada concreto.<\/p>\n<p>EL19 PROTESTA CONTRA LA REFORMA ENERGETICA<\/p>\n<p>El PRD estatal aprovechar\u00e1 el aniversario LXXIX de la expropiaci\u00f3n petrolera, realizada por el general L\u00e1zaro C\u00e1rdenas del R\u00edo, en medio de una controversia internacional con empresas extranjeras, concluyendo con la expropiaci\u00f3n realizada por el entonces presidente de M\u00e9xico, el 18 de marzo de 1938 de acuerdo a lo dado a conocer por el dirigente estatal, del PRD, Carlos Torres Pi\u00f1a quien afirm\u00f3 que estar\u00e1 en esta concentraci\u00f3n, cerca de diez mil personas en la plaza Melchor Ocampo, en el coraz\u00f3n del Centro Hist\u00f3rico de Morelia a las once horas.<\/p>\n<p>ALEJANDRA, SILVANO Y TORRES PI\u00d1A ORADORES<\/p>\n<p>En esta fecha emblem\u00e1tica y en el coraz\u00f3n del bello Centro Hist\u00f3rico de Morelia, a un lado de la imponente catedral\u00a0 moreliana, as\u00ed como del Palacio de gobierno y de la se\u00f1era estatua de Ocampo, Alejandra Barrales dirigente nacional del PRD, ser\u00e1 una de las personas que participar\u00e1n en este evento, as\u00ed como el gobernador del estado Silvano Aureoles y el dirigente estatal del PRD Carlos Torres Pi\u00f1a por lo cual se esperan importantes pronunciamientos, ya que en estos momentos M\u00e9xico necesita de todos los mexicanos, para poder superar los graves problemas que enfrenta, tanto en el interior como en el exterior principalmente con Donald Trump.<\/p>\n<p>AMLO ES UN INTOLERANTE: MARKO CORTES<\/p>\n<p>No sabemos por qu\u00e9 les ha llamado la atenci\u00f3n a mucha gente, la forma en que Andr\u00e9s Manuel L\u00f3pez Obrador, alej\u00f3 de su camioneta en Nueva York a uno de los padres de los normalistas, desaparecidos de la Normal de Ayotzinapa el rega\u00f1ado se llama Jos\u00e9 Antonio Tizupa, padre del joven normalista Jorge Antonio,\u00a0 como se puede ver en el video que se pasa constantemente en las redes, Jos\u00e9 le reclama a Amlo en su visita a Nueva York sus cercan\u00eda y complicidad, tanto de Abarca como de su esposa, a quienes culpan de la desaparici\u00f3n de estos j\u00f3venes normalistas.<\/p>\n<p>En esta ocasi\u00f3n recordamos lo que le ha dicho el diputado federal michoacano, y adem\u00e1s coordinador de la bancada azul en el Congreso Federal, el zamorano Marko Cort\u00e9s a Andr\u00e9s Manuel lo calific\u00f3\u00a0 de intolerante, lo cual no le cae nada mal al due\u00f1o de Morena ya que siempre ha sido as\u00ed, y despu\u00e9s de alejarlo de su camioneta lo llam\u00f3 provocador.<\/p>\n<p>JOSE SE FUE HACE A\u00d1OS A TRABAJAR A LO EU<\/p>\n<p>Hace como unos 15d\u00edas le hizo lo mismo al dirigente nacional, del PRI a Enrique Ochoa Reza le reclam\u00f3 la falta del gobierno mexicano, de atenci\u00f3n para solucionar este problema para tratar, de esclarecer y saber finalmente qu\u00e9 sucedi\u00f3, con los llamados 43 j\u00f3venes normalistas desaparecidos, y Ochoa Reza hizo todo lo contrario que Amlo, lo atendi\u00f3 y lo escuch\u00f3 con atenci\u00f3n y le dijo que proceder\u00eda a intensificar, los trabajos para tratar de encontrar una soluci\u00f3n, a tan grave conflicto de inter\u00e9s y finalmente no pas\u00f3 nada fuera de lo normal.<\/p>\n<p>DOS VECES HA CORRIDO EL MARATON DE NUEVA YORK<\/p>\n<p>Jos\u00e9 el padre de Jorge joven normalista desaparecido, se fue de Guerrero hace varios a\u00f1os en busca de una vida mejor, para su familia\u00a0 su esposa y tres hijos entre ellos Jorge el desaparecido, trabaja en un restaurant neoyorkino y en dos ocasiones, ha corrido el famoso marat\u00f3n donde ha portado camisetas, con leyenda de los 43 normalistas desaparecidos, y\u00a0 siempre que acude una autoridad mexicana a Nueva York, se manifiesta por lo cual los coordinadores de la visita, de Amlo a EU debieron saber que este suceder\u00eda, y prepararlo, pero obviamente no lo hicieron.<\/p>\n","protected":false},"excerpt":{"rendered":"<p>CUITZEO, SEMARNACC Y SALUD<br \/>\nRICARDO, OSWALDO RODRIGUEZ<br \/>\nLO QUE DIJO ENRIQUE OCHO REZA<br \/>\n19 PROTESTA CONTRA LA REFORMA<\/p>\n","protected":false},"author":1,"featured_media":0,"comment_status":"open","ping_status":"open","sticky":false,"template":"","format":"standard","meta":{"footnotes":""},"categories":[4,10],"tags":[],"class_list":["post-32703","post","type-post","status-publish","format-standard","hentry","category-columnistas","category-juan-manuel-belmonte"],"_links":{"self":[{"href":"https:\/\/radiowebmx.com\/nota\/wp-json\/wp\/v2\/posts\/32703","targetHints":{"allow":["GET"]}}],"collection":[{"href":"https:\/\/radiowebmx.com\/nota\/wp-json\/wp\/v2\/posts"}],"about":[{"href":"https:\/\/radiowebmx.com\/nota\/wp-json\/wp\/v2\/types\/post"}],"author":[{"embeddable":true,"href":"https:\/\/radiowebmx.com\/nota\/wp-json\/wp\/v2\/users\/1"}],"replies":[{"embeddable":true,"href":"https:\/\/radiowebmx.com\/nota\/wp-json\/wp\/v2\/comments?post=32703"}],"version-history":[{"count":1,"href":"https:\/\/radiowebmx.com\/nota\/wp-json\/wp\/v2\/posts\/32703\/revisions"}],"predecessor-version":[{"id":32704,"href":"https:\/\/radiowebmx.com\/nota\/wp-json\/wp\/v2\/posts\/32703\/revisions\/32704"}],"wp:attachment":[{"href":"https:\/\/radiowebmx.com\/nota\/wp-json\/wp\/v2\/media?parent=32703"}],"wp:term":[{"taxonomy":"category","embeddable":true,"href":"https:\/\/radiowebmx.com\/nota\/wp-json\/wp\/v2\/categories?post=32703"},{"taxonomy":"post_tag","embeddable":true,"href":"https:\/\/radiowebmx.com\/nota\/wp-json\/wp\/v2\/tags?post=32703"}],"curies":[{"name":"wp","href":"https:\/\/api.w.org\/{rel}","templated":true}]}}