{"id":3267,"date":"2013-07-25T11:39:49","date_gmt":"2013-07-25T16:39:49","guid":{"rendered":"https:\/\/radiowebmx.com\/nota\/?p=3267"},"modified":"2013-07-25T11:39:49","modified_gmt":"2013-07-25T16:39:49","slug":"ordena-jesus-reyna-fortalecer-las-acciones-de-prevencion-y-de-proteccion-en-todo-el-estado","status":"publish","type":"post","link":"https:\/\/radiowebmx.com\/nota\/ordena-jesus-reyna-fortalecer-las-acciones-de-prevencion-y-de-proteccion-en-todo-el-estado\/","title":{"rendered":"ORDENA JES\u00daS REYNA FORTALECER LAS ACCIONES DE PREVENCI\u00d3N Y DE PROTECCI\u00d3N EN TODO EL ESTADO"},"content":{"rendered":"<p>El gobernador del estado Jes\u00fas Reyna Garc\u00eda, gir\u00f3 instrucciones para que con el fin de garantizar la tranquilidad y la seguridad de la poblaci\u00f3n, se fortalezca la vigilancia en los accesos a las zonas poblaciones del estado, comenzando por la capital Morelia.<\/p>\n<p>Al reunirse con el secretario de Seguridad P\u00fablica de Michoac\u00e1n, Alberto Reyes Vaca y el procurador de Justicia del estado, Pl\u00e1cido Torres Pineda, para revisar los acontecimientos de los \u00faltimos d\u00edas, el gobernador Jes\u00fas Reyna, les pidi\u00f3 fortalecer la vinculaci\u00f3n con los ayuntamientos para que las polic\u00edas municipales participen activamente en estas acciones. Se\u00f1al\u00f3 que las tareas forman parte de la estrategia para prevenir actos delictivos.<\/p>\n<p>El mandatario estatal estableci\u00f3 que no se tienen reportes sobre actos que pongan en riesgo la seguridad e integridad de los michoacanos, fuera de los hechos que lamentablemente se registraron en los recientes d\u00edas, sin embargo se mantendr\u00e1 la atenci\u00f3n debida, redoblando esfuerzos y la coordinaci\u00f3n con las fuerzas federales.<\/p>\n<p>Reiter\u00f3 a Alberto Reyes y Pl\u00e1cido Torres la instrucci\u00f3n para ofrecer toda la colaboraci\u00f3n, sin dilaci\u00f3n ni l\u00edmites, a las fuerzas federales, en las estrategias que se vienen desarrollando con \u00e9xito desde el pasado mes de mayo.<\/p>\n<p>Tambi\u00e9n, al revisar la situaci\u00f3n del municipio de Aquila, el gobernador Jes\u00fas Reyna recibi\u00f3 la informaci\u00f3n de que salvo la polic\u00eda municipal, el resto de los servicios municipales operaron sin complicaciones durante el d\u00eda y que se trabaja para restablecer el servicio de seguridad lo m\u00e1s pronto posible.<\/p>\n<p>El gobernador de Michoac\u00e1n lament\u00f3 la confirmaci\u00f3n de que otros dos polic\u00edas federales fallecieron como consecuencia de los hechos ocurridos ayer martes en distintos puntos de la geograf\u00eda estatal y reiter\u00f3 la gratitud permanente de los michoacanos a \u00e9stos mexicanos ejemplares por su contribuci\u00f3n a mejorar la seguridad en nuestro estado.<\/p>\n<p>Hoy por hoy, la Polic\u00eda Estatal en estrecha coordinaci\u00f3n con las fuerzas federales y las polic\u00edas municipales, no baja la guardia en dar certidumbre a los michoacanos.<\/p>\n","protected":false},"excerpt":{"rendered":"<p>El gobernador del estado Jes\u00fas Reyna Garc\u00eda, gir\u00f3 instrucciones para que con el fin de garantizar la tranquilidad y la seguridad de la poblaci\u00f3n, se fortalezca la vigilancia en los accesos a las zonas poblaciones del estado, comenzando por la capital Morelia.<\/p>\n","protected":false},"author":1,"featured_media":0,"comment_status":"open","ping_status":"open","sticky":false,"template":"","format":"standard","meta":{"footnotes":""},"categories":[3],"tags":[],"class_list":["post-3267","post","type-post","status-publish","format-standard","hentry","category-gobierno-del-estado-de-michoacan"],"_links":{"self":[{"href":"https:\/\/radiowebmx.com\/nota\/wp-json\/wp\/v2\/posts\/3267","targetHints":{"allow":["GET"]}}],"collection":[{"href":"https:\/\/radiowebmx.com\/nota\/wp-json\/wp\/v2\/posts"}],"about":[{"href":"https:\/\/radiowebmx.com\/nota\/wp-json\/wp\/v2\/types\/post"}],"author":[{"embeddable":true,"href":"https:\/\/radiowebmx.com\/nota\/wp-json\/wp\/v2\/users\/1"}],"replies":[{"embeddable":true,"href":"https:\/\/radiowebmx.com\/nota\/wp-json\/wp\/v2\/comments?post=3267"}],"version-history":[{"count":1,"href":"https:\/\/radiowebmx.com\/nota\/wp-json\/wp\/v2\/posts\/3267\/revisions"}],"predecessor-version":[{"id":3268,"href":"https:\/\/radiowebmx.com\/nota\/wp-json\/wp\/v2\/posts\/3267\/revisions\/3268"}],"wp:attachment":[{"href":"https:\/\/radiowebmx.com\/nota\/wp-json\/wp\/v2\/media?parent=3267"}],"wp:term":[{"taxonomy":"category","embeddable":true,"href":"https:\/\/radiowebmx.com\/nota\/wp-json\/wp\/v2\/categories?post=3267"},{"taxonomy":"post_tag","embeddable":true,"href":"https:\/\/radiowebmx.com\/nota\/wp-json\/wp\/v2\/tags?post=3267"}],"curies":[{"name":"wp","href":"https:\/\/api.w.org\/{rel}","templated":true}]}}