{"id":3264,"date":"2013-07-25T11:37:45","date_gmt":"2013-07-25T16:37:45","guid":{"rendered":"https:\/\/radiowebmx.com\/nota\/?p=3264"},"modified":"2013-07-25T11:37:45","modified_gmt":"2013-07-25T16:37:45","slug":"michoacan-hoy-mas-que-nunca-requiere-de-la-unidad-de-todos-jesus-reyna","status":"publish","type":"post","link":"https:\/\/radiowebmx.com\/nota\/michoacan-hoy-mas-que-nunca-requiere-de-la-unidad-de-todos-jesus-reyna\/","title":{"rendered":"MICHOAC\u00c1N HOY M\u00c1S QUE NUNCA, REQUIERE DE LA UNIDAD DE TODOS: JES\u00daS REYNA"},"content":{"rendered":"<p>Michoac\u00e1n ocupa hoy m\u00e1s que nunca de la unidad de todos: de cada ciudadano, legislador, representante de medios de comunicaci\u00f3n. Al referirse a los \u00faltimos acontecimiento delictivos, el gobernador del estado, Jes\u00fas Reyna Garc\u00eda dijo que: \u201cEstas noticias nos dicen que se est\u00e1 actuando con eficacia y eficiencia en el combate a la delincuencia; es una reacci\u00f3n ante la fuerte presencia y contundencia de las fuerzas federales\u201d.<\/p>\n<p>En este contexto, Reyna Garc\u00eda aclar\u00f3 que estas acciones de combate a la delincuencia implementadas por las fuerzas de seguridad, no deben confundirse con ingobernabilidad; en Michoac\u00e1n hay presencia de los tres niveles de gobierno en todos los rincones del estado, prueba de ello son los lugares tan alejados a donde han llegado las fuerzas federales para combatir a la delincuencia.<\/p>\n<p>Durante un encuentro con los medios de comunicaci\u00f3n de la entidad y acompa\u00f1ado de integrantes de la Iniciativa Privada, representantes ciudadanos, delegados federales y funcionarios estatales, apunt\u00f3 que el d\u00eda de hoy, la Federaci\u00f3n, el Gobierno de Michoac\u00e1n y los municipios, enfrentan el problema de la inseguridad desde la ra\u00edz y con una estrategia no s\u00f3lo frontal contra la delincuencia, sino con un programa integral de recomposici\u00f3n del tejido social y de absoluta coordinaci\u00f3n en cada estructura de seguridad en los tres \u00f3rdenes de gobierno.<\/p>\n<p>Lament\u00f3 la p\u00e9rdida de elementos de la Polic\u00eda Federal y agreg\u00f3 que no puede dejarse de se\u00f1alar que estos incidentes son un reflejo que permite apreciar que los esfuerzos de seguridad, est\u00e1n mermando a la delincuencia, tal y como lo ha mencionado el secretario de Gobernaci\u00f3n, Miguel \u00c1ngel Osorio Chong.<\/p>\n<p>Record\u00f3 que a dos meses del inicio de la Estrategia Integral que de manera conjunta se realiza por el Gobierno Federal y el estado de Michoac\u00e1n, se ha logrado recuperar la transitabilidad en municipios como Buenavista, Tepalcatepec y Coalcom\u00e1n, donde hab\u00eda conflictos y paulatinamente se restablece el orden en diversas zonas de la entidad.<\/p>\n<p>Precis\u00f3 que los hechos violentos acontecidos esta semana, han ocurrido en puntos muy focalizados, por lo que la vida social y econ\u00f3mica de la entidad contin\u00faa.<\/p>\n<p>Jes\u00fas Reyna enfatiz\u00f3 que en el gobierno federal \u00e9l ha encontrado todo el apoyo para atender las problem\u00e1ticas de Michoac\u00e1n. Precis\u00f3 que en las \u00faltimas horas ha sostenido reuniones personales con el gabinete de seguridad nacional y estatal para revisar y eficientar la estrategia.<\/p>\n<p>Estando presentes el procurador del estado, Pl\u00e1cido Torres Pineda y el secretario de Seguridad P\u00fablica de Michoac\u00e1n, Alberto Reyes Vaca, el mandatario estatal refiri\u00f3 que les instruy\u00f3 para que contin\u00faen atendiendo estos eventos y se coordinen con la federaci\u00f3n y los alcaldes para \u201cno dar ni un paso atr\u00e1s en este esfuerzo\u201d.<\/p>\n<p>Refiri\u00f3 adem\u00e1s que el problema de seguridad que vive Michoac\u00e1n no es coyuntural, sino que es el resultado de muchos a\u00f1os en los que en nuestra entidad se dej\u00f3 crecer el problema, o se emprendieron estrategias que no dieron los resultados esperados. Empero, dijo estar seguro de que se avanza por el camino correcto, pues ahora se cuenta con una estrategia de seguridad articulada y con un plan de inteligencia que si no estuviera funcionando, no se reflejar\u00eda en los desafortunados incidentes que se observaron.<\/p>\n<p>Jes\u00fas Reyna fue enf\u00e1tico al se\u00f1alar que en Michoac\u00e1n somos m\u00e1s los buenos ciudadanos y no se claudicar\u00e1 hasta que en cada municipio se sienta la tranquilidad, pues ya es tiempo de que nuestra entidad retome el papel relevante que le corresponde en el desarrollo nacional.<\/p>\n<p>&nbsp;<\/p>\n<p>&nbsp;<\/p>\n<p>&nbsp;<\/p>\n","protected":false},"excerpt":{"rendered":"<p>Michoac\u00e1n ocupa hoy m\u00e1s que nunca de la unidad de todos: de cada ciudadano, legislador, representante de medios de comunicaci\u00f3n. Al referirse a los \u00faltimos acontecimiento delictivos, el gobernador del estado, Jes\u00fas Reyna Garc\u00eda dijo que: \u201cEstas noticias nos dicen que se est\u00e1 actuando con eficacia y eficiencia en el combate a la delincuencia; es una reacci\u00f3n ante la fuerte presencia y contundencia de las fuerzas federales\u201d.<\/p>\n","protected":false},"author":1,"featured_media":0,"comment_status":"open","ping_status":"open","sticky":false,"template":"","format":"standard","meta":{"footnotes":""},"categories":[3],"tags":[],"class_list":["post-3264","post","type-post","status-publish","format-standard","hentry","category-gobierno-del-estado-de-michoacan"],"_links":{"self":[{"href":"https:\/\/radiowebmx.com\/nota\/wp-json\/wp\/v2\/posts\/3264","targetHints":{"allow":["GET"]}}],"collection":[{"href":"https:\/\/radiowebmx.com\/nota\/wp-json\/wp\/v2\/posts"}],"about":[{"href":"https:\/\/radiowebmx.com\/nota\/wp-json\/wp\/v2\/types\/post"}],"author":[{"embeddable":true,"href":"https:\/\/radiowebmx.com\/nota\/wp-json\/wp\/v2\/users\/1"}],"replies":[{"embeddable":true,"href":"https:\/\/radiowebmx.com\/nota\/wp-json\/wp\/v2\/comments?post=3264"}],"version-history":[{"count":2,"href":"https:\/\/radiowebmx.com\/nota\/wp-json\/wp\/v2\/posts\/3264\/revisions"}],"predecessor-version":[{"id":3266,"href":"https:\/\/radiowebmx.com\/nota\/wp-json\/wp\/v2\/posts\/3264\/revisions\/3266"}],"wp:attachment":[{"href":"https:\/\/radiowebmx.com\/nota\/wp-json\/wp\/v2\/media?parent=3264"}],"wp:term":[{"taxonomy":"category","embeddable":true,"href":"https:\/\/radiowebmx.com\/nota\/wp-json\/wp\/v2\/categories?post=3264"},{"taxonomy":"post_tag","embeddable":true,"href":"https:\/\/radiowebmx.com\/nota\/wp-json\/wp\/v2\/tags?post=3264"}],"curies":[{"name":"wp","href":"https:\/\/api.w.org\/{rel}","templated":true}]}}