{"id":3262,"date":"2013-07-25T11:31:24","date_gmt":"2013-07-25T16:31:24","guid":{"rendered":"https:\/\/radiowebmx.com\/nota\/?p=3262"},"modified":"2013-07-25T11:31:24","modified_gmt":"2013-07-25T16:31:24","slug":"la-see-atiende-a-10-mil-825-alumnos-a-traves-del-modelo-de-atencion-con-enfoque-integral-en-educacion-inicial","status":"publish","type":"post","link":"https:\/\/radiowebmx.com\/nota\/la-see-atiende-a-10-mil-825-alumnos-a-traves-del-modelo-de-atencion-con-enfoque-integral-en-educacion-inicial\/","title":{"rendered":"LA SEE ATIENDE A 10 MIL 825 ALUMNOS A TRAV\u00c9S DEL MODELO DE ATENCI\u00d3N CON ENFOQUE INTEGRAL EN EDUCACI\u00d3N INICIAL"},"content":{"rendered":"<p>La Direcci\u00f3n de Educaci\u00f3n Inicial de la Secretar\u00eda de Educaci\u00f3n (SEE), impulsa el Modelo de Atenci\u00f3n con Enfoque Integral en Educaci\u00f3n Inicial, que tiene como objetivo \u00a0favorecer el desarrollo f\u00edsico afectivo, social y cognitivo de los menores a trav\u00e9s de la atenci\u00f3n pedag\u00f3gica integral que permite ampliar y consolidar las capacidades mentales de los educandos.<\/p>\n<p>De acuerdo con la directora de Educaci\u00f3n Inicial de la SEE, Delia Ayala S\u00e1nchez, \u00a0este modelo busca orientar a las ni\u00f1as\u00a0 y\u00a0 ni\u00f1os desde los tres a\u00f1os de edad con una educaci\u00f3n enfocada hacia los procesos de desarrollo y aprendizaje de la primera infancia.<\/p>\n<p>En este contexto expres\u00f3 que la direcci\u00f3n a su cargo trabaja con este modelo en los 77 centros educativos que existen en la entidad, donde atiende a 10 mil 825 ni\u00f1os.<\/p>\n<p>Ayala S\u00e1nchez record\u00f3 que desde que se comenz\u00f3 a trabajar con la construcci\u00f3n del Modelo de Atenci\u00f3n Integral, se tomaron en cuenta aspectos que impactan el desarrollo integral de los ni\u00f1os, en el que se determin\u00f3 que este servicio es un derecho \u00a0de\u00a0 los infantes que prioriza el desarrollo de competencias y capacidades propias de los ni\u00f1os.<\/p>\n<p>En este sentido, la funcionaria especific\u00f3 que el Modelo se basa en aspectos fundamentales que intervienen en la vida del ser humano como son la neurociencia y la\u00a0 sociolog\u00eda, que determinan que desde el embarazo de la madre, hasta los primeros a\u00f1os de la educaci\u00f3n b\u00e1sica, se abre una ventana de oportunidades para el aprendizaje y desarrollo de las ni\u00f1as y ni\u00f1os; que proporcionan elementos para comprender que con intervenciones adecuadas, las sociedades pueden contar con personas que busquen mejores condiciones de vida y sean capaces de generar condiciones m\u00e1s favorables para aprender y desarrollarse plenamente en lo f\u00edsico, afectivo e intelectual.<\/p>\n<p>El Modelo de Atenci\u00f3n con Enfoque Integral fundamenta su quehacer educativo en 5 enfoques:<\/p>\n<ul>\n<li>Atenci\u00f3n a los derechos<\/li>\n<li>Nuevas perspectivas sobre el desarrollo de los ni\u00f1as y ni\u00f1os<\/li>\n<li>El estudio sobre neurociencias y aprendizaje infantil<\/li>\n<li>Soporte emocional apego y vinculo afectivo<\/li>\n<li>Estudios de contexto<\/li>\n<\/ul>\n<p>Finalmente, Ayala S\u00e1nchez especific\u00f3 que estos enfoques se vinculan de manera integral para brindar experiencias de aprendizaje a trav\u00e9s de los cuales los educandos encontrar\u00e1n la oportunidad de reforzar sus capacidades afectivas, f\u00edsicas e intelectuales mediante el juego.<\/p>\n<p>&nbsp;<\/p>\n","protected":false},"excerpt":{"rendered":"<p>La Direcci\u00f3n de Educaci\u00f3n Inicial de la Secretar\u00eda de Educaci\u00f3n (SEE), impulsa el Modelo de Atenci\u00f3n con Enfoque Integral en Educaci\u00f3n Inicial, que tiene como objetivo  favorecer el desarrollo f\u00edsico afectivo, social y cognitivo de los menores a trav\u00e9s de la atenci\u00f3n pedag\u00f3gica integral que permite ampliar y consolidar las capacidades mentales de los educandos.<\/p>\n","protected":false},"author":1,"featured_media":0,"comment_status":"open","ping_status":"open","sticky":false,"template":"","format":"standard","meta":{"footnotes":""},"categories":[3],"tags":[],"class_list":["post-3262","post","type-post","status-publish","format-standard","hentry","category-gobierno-del-estado-de-michoacan"],"_links":{"self":[{"href":"https:\/\/radiowebmx.com\/nota\/wp-json\/wp\/v2\/posts\/3262","targetHints":{"allow":["GET"]}}],"collection":[{"href":"https:\/\/radiowebmx.com\/nota\/wp-json\/wp\/v2\/posts"}],"about":[{"href":"https:\/\/radiowebmx.com\/nota\/wp-json\/wp\/v2\/types\/post"}],"author":[{"embeddable":true,"href":"https:\/\/radiowebmx.com\/nota\/wp-json\/wp\/v2\/users\/1"}],"replies":[{"embeddable":true,"href":"https:\/\/radiowebmx.com\/nota\/wp-json\/wp\/v2\/comments?post=3262"}],"version-history":[{"count":1,"href":"https:\/\/radiowebmx.com\/nota\/wp-json\/wp\/v2\/posts\/3262\/revisions"}],"predecessor-version":[{"id":3263,"href":"https:\/\/radiowebmx.com\/nota\/wp-json\/wp\/v2\/posts\/3262\/revisions\/3263"}],"wp:attachment":[{"href":"https:\/\/radiowebmx.com\/nota\/wp-json\/wp\/v2\/media?parent=3262"}],"wp:term":[{"taxonomy":"category","embeddable":true,"href":"https:\/\/radiowebmx.com\/nota\/wp-json\/wp\/v2\/categories?post=3262"},{"taxonomy":"post_tag","embeddable":true,"href":"https:\/\/radiowebmx.com\/nota\/wp-json\/wp\/v2\/tags?post=3262"}],"curies":[{"name":"wp","href":"https:\/\/api.w.org\/{rel}","templated":true}]}}