{"id":32588,"date":"2017-03-14T11:50:41","date_gmt":"2017-03-14T17:50:41","guid":{"rendered":"https:\/\/radiowebmx.com\/nota\/?p=32588"},"modified":"2017-03-14T11:50:41","modified_gmt":"2017-03-14T17:50:41","slug":"temas-de-cafe-632","status":"publish","type":"post","link":"https:\/\/radiowebmx.com\/nota\/temas-de-cafe-632\/","title":{"rendered":"TEMAS DE CAF\u00c9"},"content":{"rendered":"<ul>\n<li>EL PRD DECIDIRA EN AGOSTO<\/li>\n<li>MORON ES ILEGAL: PADIERNA<\/li>\n<li>PRD, PAN Y PRI: POR MORELIA<\/li>\n<li>MANUEL NOCETTI-CONSTANTINO<\/li>\n<\/ul>\n<p>Por Juan Manuel BELMONTE<\/p>\n<p>Lo que sucede actualmente al interior del PRD, es muy malo para la izquierda la cual como le hemos comentado, en varias ocasiones sufre de lo mismo desde siempre, por eso no han llegado a gobernar al pa\u00eds,\u00a0 nada m\u00e1s vea lo que sucede en el Senado de la rep\u00fablica, en donde ya le hemos comentado que al inicio la bancada, contaba con 22 senadores, pero poco a poco se fue quedando con menos integrantes, el primero fue el sobrino de Manuel Andr\u00e9s L\u00f3pez Obrador, Augusto L\u00f3pez de Tabasco posteriormente se fueron m\u00e1s entre ellos recordamos a Martha Tagle ella qued\u00f3 en lugar de Alejandra Barrales, quien se fue a trabajar con Mancera, m\u00e1s tarde Sof\u00edo Ram\u00edrez dej\u00f3 la bancada del PRD\u00a0 por apoyar a H\u00e9ctor Astudillo quien hoy es gobernador del estado de Guerrero, as\u00ed se fueron yendo Alejandro Encinas, Zo\u00e9 Robledo hasta llegar a nueve.<\/p>\n<p>MIGUEL BARBOSA, RAUL MORON Y PADIERNA<\/p>\n<p>Antes de comentarles sobre Miguel Barbosa, Mor\u00f3n y Dolores Padierna y tenemos que recordar que aparte, de los nueve senadores que se fueron hace d\u00edas cinco tambi\u00e9n, dieron a conocer que no se iban de la bancada perredista, pero trabajar\u00edan para que Amlo se convirtiera en candidato, a la presidencia de la rep\u00fablica ellos fueron Miguel Barbosa, la michoacana Iris Vianey Mendoza, Lorena Cu\u00e9llar, Luz Mar\u00eda Berist\u00e1in y Fidel Dem\u00e9decis, la\u00a0 cuesti\u00f3n es que el comit\u00e9 Ejecutivo Nacional del PRD destituy\u00f3, a Miguel Barbosa por afirmar que apoyar\u00eda a Amlo, y solamente ascendieron a Dolores Padierna de sub coordinadora a la titularidad.<\/p>\n<p>En cualquier otro partido pol\u00edtico no se hubieran presentado problemas, se acatar\u00eda la resoluci\u00f3n y listo pero eso no sucede en el PRD, Barbosa se resisti\u00f3 por varios d\u00edas hasta que la dirigente nacional, Alejandra Barrales lo dio de baja y design\u00f3 a Dolores Padierna, quien no fue reconocida por la mayor\u00eda de los senadores que apoyaron a Barbosa, es m\u00e1s ayer mismo los trece senadores que permanecen en la bancada perredista, designaron a Ra\u00fal Mor\u00f3n pero cinco no ten\u00edan por qu\u00e9, haber participado en esta votaci\u00f3n ya que abiertamente dijeron que apoyaban a Amlo, por lo que fue un acto deshonesto el haber participado y elegido a Mor\u00f3n.<\/p>\n<p>MORON IGUAL QUE BARBOSA, SIMPATIZA CON AMLO<\/p>\n<p>Se puede afirmar que el senador michoacano es un simpatizante de Amlo, pero emboscado porque no ha tenido a\u00fan el valor, de irse definitivamente con Andr\u00e9s Manuel, pero obviamente su coraz\u00f3n se encuentra del lado del llamado Mes\u00edas Tropical, quien ha estado llev\u00e1ndose cientos de personas del PRD, porque consideran que ahora s\u00ed Amlo ganar\u00e1 la presidencia de M\u00e9xico. La cuesti\u00f3n es que Dolores Padierna no reconoce a Mor\u00f3n.<\/p>\n<p>Porque encabeza las encuestas pero en las dos elecciones, en las cuales ha participado tambi\u00e9n lo hizo, pero una vez que hubo candidatos oficiales, lo pusieron en su lugar cerca pero no ha podido ganar, y consideramos que en esta ocasi\u00f3n suceder\u00e1 lo mismo, y quienes lo terminar\u00e1n hundi\u00e9ndolo ser\u00e1n los arribistas, que est\u00e1n llegando en grandes cantidades causando molestias, a los que\u00a0 inicialmente lo apoyaron ya que ven que las posiciones, como las candidaturas se quedar\u00e1n entre los arribistas, y como recibe de toda clase finalmente esto lo volver\u00e1 a perder.<\/p>\n<p>EL PRD RECIBE EN AGOSTO SI VA CON AMLO<\/p>\n<p>De acuerdo a las fechas para la renovaci\u00f3n de tanto de la dirigencia nacional, como las estatales y las municipales todas ser\u00e1n en agosto de este a\u00f1o, lo cual quiere decir que la gran decisi\u00f3n de si el PRD va con Amlo, se tomar\u00e1 en agosto o bien el mes siguiente, sobre todo si Los Chuchos y el Foro Nuevo Sol dejan de tener, el control del PRD nacional porque Patria Nueva, de Carlos Sotelo e Iris Vianey Mendoza, IDN de Bejarano, Los Galileos y el grupo de Barbosa seguramente no hay duda el PRD entonces ir\u00eda con AMLO.<\/p>\n<p>As\u00ed que todo lo que sucede hoy solamente es producto de los acelerados, obviamente quieren quedar bien con Amlo, porque todo esto se podr\u00e1 decidir hasta cuando se realice, el relevo de la dirigencia nacional del PRD ya que todo depender\u00e1, de qu\u00e9 corrientes logren la mayor\u00eda para apoderarse de la dirigencia, hasta entonces se sabr\u00e1 si el PRD va en esta ocasi\u00f3n, con Andr\u00e9s Manuel por la presidencia de M\u00e9xico.<\/p>\n<p>DORA ELIA HERREJON, DIGNA MAGISTRADA<\/p>\n<p>Realmente no se sabe a ciencia cierta el por qu\u00e9 no se ha definido, el caso de Dora Elia Herrej\u00f3n Saucedo como nueva magistrada del Supremo Tribunal de Justicia, ya que\u00a0 no se puede encontrar a otra persona con los merecimientos, que tiene Dora Elia ya que ha logrado una amplia carrera judicial, desde meritoria, escribiente, actuaria y ya ha demostrado como magistrada que ha sido, por un breve tiempo su capacidad pero parece que el titular, de la Secretaria de Seguridad intenta imponer sin tener merecimientos, a la abogada Ana Luz Milla Berrera lo cual ser\u00eda una imposici\u00f3n, y una falta de respeto al Poder Judicial michoacano.<\/p>\n<p>ELECTORALMENTE MORELIA LA JOYA DE LA CORONA<\/p>\n<p>Desde luego en materia electoral Morelia ha sido la joya de la corona, ya que significa el 22 por ciento del total de los votos, que se emiten en el estado en los procesos electorales, as\u00ed que el partido que logre ganar la presidencia de Morelia, tiene amplias posibilidades de gana el gobierno estatal, aunque desde luego no es una seguridad porque adem\u00e1s, de Morelia por lo menos debe asegurar cuando menos, cinco o seis ciudades m\u00e1s por ejemplo: Morelia, Uruapan, Zamora, L\u00e1zaro C\u00e1rdenas, La Piedad y L\u00e1zaro\u00a0 C\u00e1rdenas.<\/p>\n<p>Pero desde luego Morelia es de suma importancia, por ello los tres principales partidos en esta ocasi\u00f3n no incluimos a\u00fan a Morena, porque no sabemos con qu\u00e9 personajes vaya a contar, pueden ser algunos perredistas que se vayan con Amlo, en fin pero en el caso del PAN tenemos a varios personajes, que trabajan con la finalidad de convertirse en abanderados, ya que debemos recordar que el PAN\u00a0 ya ha gobernado a Morelia, con Salvador L\u00f3pez Ordu\u00f1a hasta en dos ocasiones.<\/p>\n<p>CARLOS QUINTANA, MIGUEL ANGEL VILLEGAS Y LUISA<\/p>\n<p>En el PAN la sorpresa es Luisa Mar\u00eda Calder\u00f3n quien aseguran,\u00a0 ha manifestado su inter\u00e9s en volver a participar, por la presidencia de Morelia y afirmamos que volver a participar,\u00a0 ya que ella en una ocasi\u00f3n hace a\u00f1os intent\u00f3 buscar la presidencia de Morelia, cuando hab\u00eda dejado de ser diputada local, no pudo y en esta ocasi\u00f3n aseguran le gustar\u00eda ser presidenta municipal, pero claro tiene ante s\u00ed a Quintana y a Miguel Angel, por lo cual se quedar\u00e1 con las ganas ya que al interior del PAN, obviamente perder\u00e1 porque no tiene ni una posibilidad.<\/p>\n<p>EN EL PRI MARCO POLO, DANIELA, PRADO, ELIGIO<\/p>\n<p>En el PRI hay varios grupos y aspirantes entre quienes han manifestado, su voluntad est\u00e1n Marco Polo Aguirre y Daniela de los Santos diputados federales, Gabriel Prado y Eligio Gonz\u00e1lez y\u00a0 podr\u00eda sum\u00e1rseles Jos\u00e9 Juan Mar\u00edn, claro que la lista podr\u00eda aumentar en los siguientes meses, pero por ahora estos son los personajes que han dado a conocer, que les gustar\u00eda participar en este proceso, en el PAN el dominante es el grupo de Marko Cort\u00e9s y en el PRI, el candidato que logre aglutinar a los grupos de Reyna, Fausto y V\u00edctor Silva tendr\u00e1\u00a0 muchas posibilidades de ganar. Claro Alfredo Castillo tambi\u00e9n se interesa en participar con los suyos.<\/p>\n<p>EL PRD GOBERNO MORELIA CON SAMUEL MALDONADO<\/p>\n<p>Tal vez Morelia es una de las pocas ciudades que ha tenido, oportunidad de ser gobernada por el PR, PRD, PAN y ahora un independiente mentiroso\u00a0 Alfonso Mart\u00ednez, quien tiene coraz\u00f3n panista\u00a0 recordamos que el PRD ya gobern\u00f3 Morelia, con Samuel Maldonado y desde entonces nunca m\u00e1s pudo ganar, aunque ha gobernado al Estado por tres ocasiones con L\u00e1zaro C\u00e1rdebas Batel, con Leonel Godoy y ahora con Silvano, parece que Morelia no les interesa mucho.<\/p>\n<p>Hasta ahora han levantado la mano por el PRD Juan Carlos Barrag\u00e1n, as\u00ed como Antonio Soto y no encontramos m\u00e1s perredistas que se interesen por Morelia, y es que tradicionalmente el PRD no se ha interesado mucho por la capital del estado,\u00a0 tambi\u00e9n en este tenor tenemos que hay empresarios que les interesa tenemos a Manuel Nocetti Tiznado, y a Constantino Ortiz que les gustar\u00eda participar en este proceso por la presidencia de Morelia.<\/p>\n","protected":false},"excerpt":{"rendered":"<p>EL PRD DECIDIRA EN AGOSTO<br \/>\nMORON ES ILEGAL: PADIERNA<br \/>\nPRD, PAN Y PRI: POR MORELIA<br \/>\nMANUEL NOCETTI-CONSTANTINO<\/p>\n","protected":false},"author":1,"featured_media":0,"comment_status":"open","ping_status":"open","sticky":false,"template":"","format":"standard","meta":{"footnotes":""},"categories":[4,10],"tags":[],"class_list":["post-32588","post","type-post","status-publish","format-standard","hentry","category-columnistas","category-juan-manuel-belmonte"],"_links":{"self":[{"href":"https:\/\/radiowebmx.com\/nota\/wp-json\/wp\/v2\/posts\/32588","targetHints":{"allow":["GET"]}}],"collection":[{"href":"https:\/\/radiowebmx.com\/nota\/wp-json\/wp\/v2\/posts"}],"about":[{"href":"https:\/\/radiowebmx.com\/nota\/wp-json\/wp\/v2\/types\/post"}],"author":[{"embeddable":true,"href":"https:\/\/radiowebmx.com\/nota\/wp-json\/wp\/v2\/users\/1"}],"replies":[{"embeddable":true,"href":"https:\/\/radiowebmx.com\/nota\/wp-json\/wp\/v2\/comments?post=32588"}],"version-history":[{"count":1,"href":"https:\/\/radiowebmx.com\/nota\/wp-json\/wp\/v2\/posts\/32588\/revisions"}],"predecessor-version":[{"id":32589,"href":"https:\/\/radiowebmx.com\/nota\/wp-json\/wp\/v2\/posts\/32588\/revisions\/32589"}],"wp:attachment":[{"href":"https:\/\/radiowebmx.com\/nota\/wp-json\/wp\/v2\/media?parent=32588"}],"wp:term":[{"taxonomy":"category","embeddable":true,"href":"https:\/\/radiowebmx.com\/nota\/wp-json\/wp\/v2\/categories?post=32588"},{"taxonomy":"post_tag","embeddable":true,"href":"https:\/\/radiowebmx.com\/nota\/wp-json\/wp\/v2\/tags?post=32588"}],"curies":[{"name":"wp","href":"https:\/\/api.w.org\/{rel}","templated":true}]}}