{"id":32526,"date":"2017-03-10T12:20:56","date_gmt":"2017-03-10T18:20:56","guid":{"rendered":"https:\/\/radiowebmx.com\/nota\/?p=32526"},"modified":"2017-03-13T12:23:01","modified_gmt":"2017-03-13T18:23:01","slug":"temas-de-cafe-629","status":"publish","type":"post","link":"https:\/\/radiowebmx.com\/nota\/temas-de-cafe-629\/","title":{"rendered":"TEMAS DE CAF\u00c9"},"content":{"rendered":"<ul>\n<li>PRD POSIBLE ALIANZA CON AMLO<\/li>\n<li>HOSPITAL PURUANDIRO OTRA VEZ<\/li>\n<li>HASTA FIN DE A\u00d1O Y \u00bfMIENTRAS?<\/li>\n<li>\u00bfTE PAGO PARA QUE ME PEGUES?<\/li>\n<\/ul>\n<p>Por Juan Manuel BELMONTE<\/p>\n<p>Imagine usted que a final de cuentas\u00a0 el PRD realice alianza con Amlo, entonces \u00bfpara qu\u00e9 tanto brinco?, aunque m\u00e1s bien nos parece una declaraci\u00f3n pol\u00edtica, para tranquilizar a muchos perredistas que est\u00e1n con un pie en Morena, ya que a final de cuentas, podr\u00eda ser de acuerdo a lo que han se\u00f1alado tanto Alejandra Barrales, como Dolores Padierna que existe la posibilidad de que el PRD, concrete una alianza con Amlo aunque esto m\u00e1s bien nos parece imposible, por c\u00f3mo est\u00e1n las cosas ya que sobre todo los Chuchos Ortega y Zambrano, nunca permitir\u00e1n que se concrete esa posible alianza, y vamos ni Mancera, o Silvano y Graco porque en pol\u00edtica debe haber dignidad, pues se han dado muchas agresiones, declaraciones de Amlo que con el PRD ni a la esquina, porque forman parte de la mafia en el poder y otras lindezas, y de parte de los Chuchos que Amlo es un dictador y cosas por el estilo, as\u00ed que nos parece que ser\u00e1 imposible una alianza, entre el PRD y Amlo aunque tambi\u00e9n es cierto, en la pol\u00edtica como en la vida nada es para siempre.<\/p>\n<p>EL DINERO POR SOBRE TODAS LAS COSAS<\/p>\n<p>Ayer les comentamos una cifra que manejar\u00eda el PRD, hasta el fin del sexenio pero nos quedamos muy cortos, ya que la cantidad que manejar\u00eda la bancada del PRD en el Senado, asciende a los 119 millones de pesos, que ser\u00edan hasta el fin de su mandato ya que aparte de dietas, la bancada del Sol Azteca en el Senado recibe 50 millones de pesos, por concepto vea usted\u00a0 cada presidente de comisi\u00f3n percibe, 200 mil pesos mensuales para pago de asesores, mientras, los secretarios de comisiones reciben 120 mil pesos, hay senadores perredistas que son secretarios hasta en tres comisiones como Benjam\u00edn Robles tiene cuatro secretar\u00edas de comisiones.<\/p>\n<p>Por esos los senadores perredistas se van con Amlo pero no del PRD, porque es mucho dinero el que dejar\u00edan de percibir, pero ahora que hicieron el intento de relevar a Miguel Barbosa, lo debieran de hacer con todos los que han declarado su amor electoral a Amlo, que se vayan de PRD y dejen los recursos a ver si en realidad aman en serio a Amlo, porque no se puede tocar las campanas y andar en la procesi\u00f3n.<\/p>\n<p>TUMBA POLITICA DE ALFONSO EL CENTRO HISTORICO<\/p>\n<p>No hemos encontrado a una persona que est\u00e9 de acuerdo, con el cierre a los veh\u00edculos en el centro hist\u00f3rico, porque hay comercios que pueden ir a la quiebra, hoteles, restaurantes, estacionamientos, persona que a\u00fan viven en ese lugar, la ciudad de por s\u00ed es un caos vial cada vez que organizaciones sociales, cierran la avenida Madero a la cual ya se le conoce como la borracha, porque siempre se encuentra tomada.<\/p>\n<p>Trabajadores del volante nos han pedido que comentemos, que no est\u00e1n de acuerdo igual que gente que tiene comercios, no est\u00e1n de acuerdo y aseguran que nunca les preguntaron, ya les comentamos que los jefes de manzana tambi\u00e9n, est\u00e1n molestos porque les<\/p>\n<p>alteraron su vida, ya que no podr\u00e1n acceder a sus hogares en veh\u00edculos y menos, usar sus cocheras porque no podr\u00e1n entrar, mientras tanto el presidente municipal continua con los trabajos, destruyendo calles pavimentadas que no ten\u00edan problema alguno.<\/p>\n<p>HASTA FIN DE A\u00d1O 800 POLICIAS \u00bfY MIENTRAS QUE?<\/p>\n<p>Alfonso Mart\u00ednez ayer coment\u00f3 que con el recurso que recibir\u00e1, de parte de la Federaci\u00f3n unos 63 millones, m\u00e1s los 140 que tiene el ayuntamiento designado para este concepto, ser\u00e1n 200 millones que se aplicar\u00e1n para capacitar, a elementos de seguridad ya que actualmente, se tienen 400 los cuales no sirven para nada ya que la ola de violencia, se mantiene a la alza y afirm\u00f3 que se empezar\u00e1 a trabajar, para \u00a0que a fines de este a\u00f1o la ciudad pueda contar con por lo menos 800 polic\u00edas, y nos preguntamos \u00bfy mientras qu\u00e9 hacemos los morelianos?, \u00bfseguir soportando la ola de inseguridad porque no quiere firmar el mando \u00fanico?.<\/p>\n<p>ASALTOS Y ROBOS EN SOLO UNAS HORAS<\/p>\n<p>Dos asaltos a personas que sacaron dinero de los bancos,\u00a0 uno en Santander y otro en el banco de la torre Financiera cuando llegaba a su casa lo asaltaron dos personas,\u00a0 que iban en una moto en Lacas de Uruapan, al otro fue all\u00e1 por el puerto de Buenavista, el otro robo en la escuela primaria Benem\u00e9rito de las Am\u00e9ricas, otro m\u00e1s en la calle Olmos de la Calle Costera en la colonia Pari\u00e1n,\u00a0 y el alcalde moreliano feliz de la vida.<\/p>\n<p>HOSPITAL PURUANDIRO SSA OTRA VEZ<\/p>\n<p>No es la primera vez que se presentan problemas \u00a0en el hospital, de la Secretaria de Salud en Puru\u00e1ndiro todos generados, por la misma persona recordamos que en febrero del a\u00f1o pasado, 22 trabajadores tomaron las oficinas administrativas, por malos traros del director de dicho nosocomio, Eduardo Carmona Mart\u00ednez quien para empezar present\u00f3 una c\u00e9dula profesional falsa, la cual tiene el n\u00famero de folio 1192715, la cual aunque usted no lo crea se encuentra a nombre, de Rosenda Alvarez Ruelas\u00a0 egresada de la escuela normal de Culiac\u00e1n en la generaci\u00f3n de 1987.<\/p>\n<p>Ahora desde hace d\u00edas 100 trabajadores o sea la mayor\u00eda, de los integrantes de la planta laboral, tomaron otra vez las instalaciones administrativas de dicho hospital, ahora por varias\u00a0 quejas, entre las cuales destacan acoso laboral, hostigamiento, abuso de autoridad, acoso al personal masculino y violencia laboral, y presume ya ve c\u00f3mo son algunas personas de su amistad, con altos funcionarios de la actual administraci\u00f3n, por ello afirma que la titular de la Secretar\u00eda de Salud, la doctora Silvia Hern\u00e1ndez Capi, no lo puede retirar de su puesto, ahora bien \u00bfser\u00e1 verdad todo esto?.<\/p>\n<p>ALFONSO BUSCA REELEGIRSE COMO ALCALDE<\/p>\n<p>Y aunque usted no lo crea total so\u00f1ar no cuesta nada, Alfonso Mart\u00ednez busca reelegirse y por lo menos le aseguramos, que tiene un buen equipo de comunicaci\u00f3n social, porque no hay d\u00eda en que no lleguen varios correos,\u00a0 tanto\u00a0 portales informativos, noticiarios radiof\u00f3nicos, revistas entre \u00a0dos o tres boletines de las actividades del presidente municipal, a veces las actividades no tienen la menor importancia, pero la informaci\u00f3n es bien manejada que hasta parece importante.<\/p>\n<p>Miriam Alarc\u00f3n entre la espada y la pared porque con toda raz\u00f3n, ha sido criticada por algunos reporteros porque presiona, y a veces amenaza con o no invitarlos a las actividades de la presidencia, o bien con cancelarles los convenios de publicidad, es cuando las redacciones de los medios hacen modificaci\u00f3n, en cuanto a los reporteros que cubren la fuente del ayuntamiento, pero perm\u00edtame comentarle que ese es el papel que tienen que representar, los coordinadores de comunicaci\u00f3n social, est\u00e9n donde est\u00e9n.<\/p>\n<p>QUIENES HAN ESTADO EN LOS 2 LADOS LO ENTIENDEN<\/p>\n<p>Desde luego no es f\u00e1cil de entender de hecho solamente lo pueden hacer, quienes han estado en los dos lados de otra manera imposible, de esta manera ser coordinador de comunicaci\u00f3n social, de una dependencia de gobierno federal, estatal o municipal, es muy complicado pero agradable sin lugar a dudas, por un<\/p>\n<p>lado si es periodista busca tratar a los reporteros, como le gustar\u00eda que lo trataran a \u00e9l como periodista, pero como coordinador de comunicaci\u00f3n tiene obligaci\u00f3n, de cuidar a la instituci\u00f3n para la cual trabaja.<\/p>\n<p>&nbsp;<\/p>\n<p>LOPEZ PORTILLO: \u00bfTE PAGO PARA QUE ME PEGUES?<\/p>\n<p>Uno de los primeros enfrentamientos que se dieron, en los medios de comunicaci\u00f3n con este tema fue, el que se dio en el gobierno de Jos\u00e9 L\u00f3pez Portillo, con diversos medios de comunicaci\u00f3n a los cuales les cancelo, los convenios comerciales porque se debe reconocer que las empresas informativas, de la clase que sean electr\u00f3nicos o impresos, viven de la publicidad y de la venta de espacio y ejemplares.<\/p>\n<p>Entonces no hay nada malo en esta relaci\u00f3n aunque se debe deja bien claro,\u00a0 se vende espacio no criterio y esto es muy complicado de entender por ambas partes, porque el periodismo es una funci\u00f3n o actividad eminentemente social, surgi\u00f3 en el mundo con dos objetivos primordiales, primero informar al ciudadano lo que las autoridades hacen en su beneficio, y segundo para darle tribuna a la gente sin voz y ya sabe, una sociedad bien informada toma las mejores decisiones. As\u00ed Miriam hace su trabajo y los reporteros el suyo, empate t\u00e9cnico. Felicidades a ambos.<\/p>\n","protected":false},"excerpt":{"rendered":"<p>PRD POSIBLE ALIANZA CON AMLO<br \/>\nHOSPITAL PURUANDIRO OTRA VEZ<br \/>\nHASTA FIN DE A\u00d1O Y \u00bfMIENTRAS?<br \/>\n\u00bfTE PAGO PARA QUE ME PEGUES?<\/p>\n","protected":false},"author":1,"featured_media":0,"comment_status":"open","ping_status":"open","sticky":false,"template":"","format":"standard","meta":{"footnotes":""},"categories":[4,10],"tags":[],"class_list":["post-32526","post","type-post","status-publish","format-standard","hentry","category-columnistas","category-juan-manuel-belmonte"],"_links":{"self":[{"href":"https:\/\/radiowebmx.com\/nota\/wp-json\/wp\/v2\/posts\/32526","targetHints":{"allow":["GET"]}}],"collection":[{"href":"https:\/\/radiowebmx.com\/nota\/wp-json\/wp\/v2\/posts"}],"about":[{"href":"https:\/\/radiowebmx.com\/nota\/wp-json\/wp\/v2\/types\/post"}],"author":[{"embeddable":true,"href":"https:\/\/radiowebmx.com\/nota\/wp-json\/wp\/v2\/users\/1"}],"replies":[{"embeddable":true,"href":"https:\/\/radiowebmx.com\/nota\/wp-json\/wp\/v2\/comments?post=32526"}],"version-history":[{"count":1,"href":"https:\/\/radiowebmx.com\/nota\/wp-json\/wp\/v2\/posts\/32526\/revisions"}],"predecessor-version":[{"id":32527,"href":"https:\/\/radiowebmx.com\/nota\/wp-json\/wp\/v2\/posts\/32526\/revisions\/32527"}],"wp:attachment":[{"href":"https:\/\/radiowebmx.com\/nota\/wp-json\/wp\/v2\/media?parent=32526"}],"wp:term":[{"taxonomy":"category","embeddable":true,"href":"https:\/\/radiowebmx.com\/nota\/wp-json\/wp\/v2\/categories?post=32526"},{"taxonomy":"post_tag","embeddable":true,"href":"https:\/\/radiowebmx.com\/nota\/wp-json\/wp\/v2\/tags?post=32526"}],"curies":[{"name":"wp","href":"https:\/\/api.w.org\/{rel}","templated":true}]}}