{"id":3252,"date":"2013-07-25T10:47:01","date_gmt":"2013-07-25T15:47:01","guid":{"rendered":"https:\/\/radiowebmx.com\/nota\/?p=3252"},"modified":"2013-07-25T10:47:01","modified_gmt":"2013-07-25T15:47:01","slug":"alumnos-de-la-uiim-realizan-desfile-de-modas-vestuario-basado-en-la-multifuncionalidad","status":"publish","type":"post","link":"https:\/\/radiowebmx.com\/nota\/alumnos-de-la-uiim-realizan-desfile-de-modas-vestuario-basado-en-la-multifuncionalidad\/","title":{"rendered":"ALUMNOS DE LA UIIM REALIZAN DESFILE DE MODAS \u201cVESTUARIO BASADO EN LA MULTIFUNCIONALIDAD\u201d"},"content":{"rendered":"<p>Alumnos de la Universidad Intercultural Ind\u00edgena de Michoac\u00e1n (UIIM), presentaron un desfile de modas con el concepto de \u201cvestuario basado en la multifuncionalidad\u201d, de tal manera que una prenda pueda ser utilizada para dos o siete ocasiones distintas; lo anterior para mostrar el conocimiento aprendido a trav\u00e9s de talleres en \u00e1reas como: Dise\u00f1o, Telar de cintura, Punto De Cruz y Relleno.<\/p>\n<p>&nbsp;<\/p>\n<p>Al respecto el Mtro. Gabriel Grajales, quien coordin\u00f3 a los alumnos del programa de Arte y Patrimonio Cultural, dijo que los conocimientos que se evaluaron en el evento, fueron la creaci\u00f3n de nuevos dise\u00f1os, mejoramiento de productos que son adquiridos a trav\u00e9s de visitas a talleres artesanales de la regi\u00f3n, adem\u00e1s de la creatividad y la manera de implementar este elemento en la confecci\u00f3n.<\/p>\n<p>&nbsp;<\/p>\n<p>\u201cLos trajes presentados fueron hechos en las comunidades en donde habitan los estudiantes, como manta y telares de cintura. Las t\u00e9cnicas para la decoraci\u00f3n de los vestidos fueron punto de cruz y tejido en relleno\u201d, explic\u00f3.<\/p>\n<p>&nbsp;<\/p>\n<p>Al termino del desfile, las modelos posaron acompa\u00f1adas de los dise\u00f1adores quienes hicieron una explicaci\u00f3n de los procedimientos que siguieron para la hechura de las prendas, materiales utilizados de comunidades como Tzintzuntzan y Angahuan, adem\u00e1s de los elementos creativos que hace innovadora la prenda.<\/p>\n<p>&nbsp;<\/p>\n<p>Como invitados al evento participaron una modelo y un DJ de la comunidad de Chilchota y dos maquillistas profesionales.<\/p>\n<p>&nbsp;<\/p>\n","protected":false},"excerpt":{"rendered":"<p>Alumnos de la Universidad Intercultural Ind\u00edgena de Michoac\u00e1n (UIIM), presentaron un desfile de modas con el concepto de \u201cvestuario basado en la multifuncionalidad\u201d, de tal manera que una prenda pueda ser utilizada para dos o siete ocasiones distintas; lo anterior para mostrar el conocimiento aprendido a trav\u00e9s de talleres en \u00e1reas como: Dise\u00f1o, Telar de cintura, Punto De Cruz y Relleno.<\/p>\n","protected":false},"author":1,"featured_media":0,"comment_status":"open","ping_status":"open","sticky":false,"template":"","format":"standard","meta":{"footnotes":""},"categories":[14,3],"tags":[],"class_list":["post-3252","post","type-post","status-publish","format-standard","hentry","category-destacadas","category-gobierno-del-estado-de-michoacan"],"_links":{"self":[{"href":"https:\/\/radiowebmx.com\/nota\/wp-json\/wp\/v2\/posts\/3252","targetHints":{"allow":["GET"]}}],"collection":[{"href":"https:\/\/radiowebmx.com\/nota\/wp-json\/wp\/v2\/posts"}],"about":[{"href":"https:\/\/radiowebmx.com\/nota\/wp-json\/wp\/v2\/types\/post"}],"author":[{"embeddable":true,"href":"https:\/\/radiowebmx.com\/nota\/wp-json\/wp\/v2\/users\/1"}],"replies":[{"embeddable":true,"href":"https:\/\/radiowebmx.com\/nota\/wp-json\/wp\/v2\/comments?post=3252"}],"version-history":[{"count":2,"href":"https:\/\/radiowebmx.com\/nota\/wp-json\/wp\/v2\/posts\/3252\/revisions"}],"predecessor-version":[{"id":3257,"href":"https:\/\/radiowebmx.com\/nota\/wp-json\/wp\/v2\/posts\/3252\/revisions\/3257"}],"wp:attachment":[{"href":"https:\/\/radiowebmx.com\/nota\/wp-json\/wp\/v2\/media?parent=3252"}],"wp:term":[{"taxonomy":"category","embeddable":true,"href":"https:\/\/radiowebmx.com\/nota\/wp-json\/wp\/v2\/categories?post=3252"},{"taxonomy":"post_tag","embeddable":true,"href":"https:\/\/radiowebmx.com\/nota\/wp-json\/wp\/v2\/tags?post=3252"}],"curies":[{"name":"wp","href":"https:\/\/api.w.org\/{rel}","templated":true}]}}