{"id":325,"date":"2012-11-21T12:06:28","date_gmt":"2012-11-21T18:06:28","guid":{"rendered":"https:\/\/radiowebmx.com\/nota\/?p=325"},"modified":"2012-11-21T12:07:09","modified_gmt":"2012-11-21T18:07:09","slug":"325","status":"publish","type":"post","link":"https:\/\/radiowebmx.com\/nota\/325\/","title":{"rendered":"SE SUMAN DEPENDENCIAS DE GOBIERNO DEL ESTADO AL BOTEO TELET\u00d3N 2012"},"content":{"rendered":"<p><img loading=\"lazy\" decoding=\"async\" class=\"alignnone\" src=\"http:\/\/img850.imageshack.us\/img850\/1976\/dsc9481.jpg\" alt=\"\" width=\"591\" height=\"335\" \/>Todas las dependencias del gobierno del estado se sumaron al Boteo Telet\u00f3n 2012, tras recibir alcanc\u00edas oficiales de la Fundaci\u00f3n Telet\u00f3n y en la que podr\u00e1n hacer donativos los trabajadores y la sociedad en general.<\/p>\n<p>De esta manera tanto las dependencias, como los 113 municipios a trav\u00e9s de los Sistemas DIF municipales, ya cuentan con alcanc\u00edas seguras que les permitir\u00e1n recaudar fondos a beneficio de las ni\u00f1as, ni\u00f1os con discapacidad y sus familias.<\/p>\n<p>Para realizar dicho boteo, la fundaci\u00f3n Telet\u00f3n entreg\u00f3 a Michoac\u00e1n 3 mil 600 alcanc\u00edas, mismas que ya fueron distribuidas en los 113 municipios del estado y a las dependencias de la entidad que forman parte del aparato gubernamental.<\/p>\n<p>Los Kit del Boteo contienen una playera distintiva, pulseras y alcanc\u00edas que cuentan con un n\u00famero de serie, con el objetivo de garantizar un mejor control en la recaudaci\u00f3n.<\/p>\n<p>En este sentido, la directora del Sistema DIF Estatal, Nelly Sastr\u00e9 Gasca, se pronunci\u00f3 a favor de que la sociedad se sume a esta noble causa que traer\u00e1 m\u00faltiples beneficios para todos los michoacanos que requieren de servicios especializados en rehabilitaci\u00f3n.<\/p>\n<p>Record\u00f3 que Michoac\u00e1n ocupa el tercer sitio a nivel nacional en cuanto al n\u00famero de personas con discapacidad, por lo que es prioridad contar con servicios de calidad y especializados para la atenci\u00f3n de ni\u00f1os de 0 meses a 17 a\u00f1os 11 meses.<\/p>\n<p>Finalmente, se espera que Michoac\u00e1n tenga una activa participaci\u00f3n en las transmisiones del 7 y 8 de diciembre, para estimular a todo el pa\u00eds a favorecer a los ni\u00f1os de la entidad, ya que este a\u00f1o todos los recursos recaudados ser\u00e1n destinados para la construcci\u00f3n del primer CRIT en la entidad.<\/p>\n<p>&nbsp;<\/p>\n","protected":false},"excerpt":{"rendered":"<p>Todas las dependencias del gobierno del estado se sumaron al Boteo Telet\u00f3n 2012, tras recibir alcanc\u00edas oficiales de la Fundaci\u00f3n Telet\u00f3n y en la que podr\u00e1n hacer donativos los trabajadores y la sociedad en general. De esta manera tanto las dependencias, como los 113 municipios a trav\u00e9s de los Sistemas DIF municipales, ya cuentan con [&hellip;]<\/p>\n","protected":false},"author":1,"featured_media":0,"comment_status":"open","ping_status":"open","sticky":false,"template":"","format":"standard","meta":{"footnotes":""},"categories":[3],"tags":[],"class_list":["post-325","post","type-post","status-publish","format-standard","hentry","category-gobierno-del-estado-de-michoacan"],"_links":{"self":[{"href":"https:\/\/radiowebmx.com\/nota\/wp-json\/wp\/v2\/posts\/325","targetHints":{"allow":["GET"]}}],"collection":[{"href":"https:\/\/radiowebmx.com\/nota\/wp-json\/wp\/v2\/posts"}],"about":[{"href":"https:\/\/radiowebmx.com\/nota\/wp-json\/wp\/v2\/types\/post"}],"author":[{"embeddable":true,"href":"https:\/\/radiowebmx.com\/nota\/wp-json\/wp\/v2\/users\/1"}],"replies":[{"embeddable":true,"href":"https:\/\/radiowebmx.com\/nota\/wp-json\/wp\/v2\/comments?post=325"}],"version-history":[{"count":3,"href":"https:\/\/radiowebmx.com\/nota\/wp-json\/wp\/v2\/posts\/325\/revisions"}],"predecessor-version":[{"id":328,"href":"https:\/\/radiowebmx.com\/nota\/wp-json\/wp\/v2\/posts\/325\/revisions\/328"}],"wp:attachment":[{"href":"https:\/\/radiowebmx.com\/nota\/wp-json\/wp\/v2\/media?parent=325"}],"wp:term":[{"taxonomy":"category","embeddable":true,"href":"https:\/\/radiowebmx.com\/nota\/wp-json\/wp\/v2\/categories?post=325"},{"taxonomy":"post_tag","embeddable":true,"href":"https:\/\/radiowebmx.com\/nota\/wp-json\/wp\/v2\/tags?post=325"}],"curies":[{"name":"wp","href":"https:\/\/api.w.org\/{rel}","templated":true}]}}