{"id":3243,"date":"2013-07-23T12:22:10","date_gmt":"2013-07-23T17:22:10","guid":{"rendered":"https:\/\/radiowebmx.com\/nota\/?p=3243"},"modified":"2013-07-23T12:22:10","modified_gmt":"2013-07-23T17:22:10","slug":"michoacan-tambien-sera-parte-del-combate-al-trabajo-informal-jesus-reyna","status":"publish","type":"post","link":"https:\/\/radiowebmx.com\/nota\/michoacan-tambien-sera-parte-del-combate-al-trabajo-informal-jesus-reyna\/","title":{"rendered":"MICHOAC\u00c1N TAMBI\u00c9N SER\u00c1 PARTE DEL COMBATE AL TRABAJO INFORMAL: JES\u00daS REYNA"},"content":{"rendered":"<p><a href=\"https:\/\/radiowebmx.com\/nota\/wp-content\/uploads\/2013\/07\/JRG-1.jpg\"><img loading=\"lazy\" decoding=\"async\" class=\"alignleft size-full wp-image-3244\" alt=\"JRG (1)\" src=\"https:\/\/radiowebmx.com\/nota\/wp-content\/uploads\/2013\/07\/JRG-1.jpg\" width=\"1024\" height=\"737\" \/><\/a>El gobernador de Michoac\u00e1n, Jes\u00fas Reyna Garc\u00eda se comprometi\u00f3 junto con otros mandatarios estatales del pa\u00eds, a fomentar la formalidad laboral, en el marco de la firma del convenio de colaboraci\u00f3n para la aplicaci\u00f3n del Programa de Formalizaci\u00f3n del Empleo 2013, encabezado por el presidente de la Rep\u00fablica, Enrique Pe\u00f1a Nieto, que busca integrar los esfuerzos de los sectores productivos, las organizaciones sindicales y campesinas, para lograr la dignificaci\u00f3n de los trabajadores y el incremento de la productividad a favor del desarrollo econ\u00f3mico.<\/p>\n<p>Reyna Garc\u00eda refrend\u00f3 con esta firma el compromiso del gobierno de Michoac\u00e1n, de coordinar esfuerzos para la instalaci\u00f3n y el desarrollo de empresas para que con una mayor facilidad y prontitud, puedan operar dentro de la legalidad en beneficio de sus trabajadores y del progreso de la entidad, para de esta manera, combatir la informalidad laboral.<\/p>\n<p>Durante la ceremonia que tuvo como sede Palacio Nacional, Enrique Pe\u00f1a Nieto, presidente de M\u00e9xico, explic\u00f3 que el programa de formalizaci\u00f3n del empleo obedece a que es indispensable redise\u00f1ar pol\u00edticas p\u00fablicas y crear m\u00e1s empleos formales y m\u00e1s productivos, para dejar atr\u00e1s el circulo vicioso de informalidad, que genera insuficiente productividad y bajo crecimiento.<\/p>\n<p>Celebr\u00f3 que a trav\u00e9s de los gobiernos estatales y del D.F., se conforme un instrumento para facilitar la transici\u00f3n de los trabajadores con circunstancias laborales precarias, a empleos dignos; adem\u00e1s de que se contribuye decididamente a la formalizaci\u00f3n de las empresas que desean crecer y prosperar para asegurar condiciones de mayor bienestar para las familias mexicanas.<\/p>\n<p>Alfonso Navarrete Prida, secretario del Trabajo y Previsi\u00f3n Social, explic\u00f3 que mediante el esfuerzo conjunto entre el empresariado, los gobiernos estatales y el federal, a trav\u00e9s de la STPS y el Instituto Mexicano del Seguro Social, se buscan abatir los \u00edndices de informalidad que de acuerdo al INEGI, superan el 58 por ciento de la poblaci\u00f3n econ\u00f3micamente activa en M\u00e9xico y ejemplific\u00f3 que 6 de cada 10 personas trabajan sin seguridad social<\/p>\n<p>\u201cEl d\u00eda de hoy el gobierno de la Rep\u00fablica y de los estados, as\u00ed como del sector productivo, buscan que el empleo sea digno con protecci\u00f3n jur\u00eddica y social, para lo cual se emprender\u00e1n acciones precisas para el combate a la informalidad con un esfuerzo sin precedente\u201d, dijo y agreg\u00f3 que a trav\u00e9s de un trabajo responsable y compartido, los gobiernos estatales incorporar\u00e1n a la formalidad 200 mil trabajadores.<\/p>\n<p>Mientras que el director general del IMSS, Jos\u00e9 Antonio Gonz\u00e1lez Anaya, resalt\u00f3 que se busca fomentar la formalidad laboral y acceso a la seguridad social, para lograr cumplir dos de los 5 ejes planteados por el gobierno federal, \u201cun M\u00e9xico incluyente\u201d y \u201cun M\u00e9xico pr\u00f3spero\u201d, porque la seguridad social significa la atenci\u00f3n a los derechohabientes, la protecci\u00f3n de los mismos ante riesgos, otorga facilidades para vivienda y que puedan contar con ahorro para su retiro entre otras ventajas, lo que redunda en una mayor competitividad de las empresas, \u201cme atrevo a se\u00f1alar que los empleos formales est\u00e1n asociados a una mayor productividad y al crecimiento econ\u00f3mico\u201d.<\/p>\n<p>Destac\u00f3 que incluyendo el r\u00e9gimen voluntario en la que se encuentran los estudiantes, la afiliaci\u00f3n al Seguro Social pas\u00f3 de 14.5 millones de inscripciones en julio del a\u00f1o 2000, a 23 millones en julio de este a\u00f1o; lo que se traduce en que a la fecha, poco m\u00e1s de 58 millones de mexicanos son derechohabientes.<\/p>\n<p>A su vez, Mario L\u00f3pez Vald\u00e9s, gobernador de Sinaloa y presidente de la Conferencia Nacional de Gobernadores (CONAGO),\u00a0 dijo que los mandatarios estatales sumar\u00e1n esfuerzos para fomentar la formalidad a trav\u00e9s de estrategias de trabajo que impacten en el crecimiento de la econom\u00eda a favor de la dignidad humana y un salario remunerador. Tambi\u00e9n impulsar\u00e1n la formaci\u00f3n de micro y peque\u00f1as empresas.<\/p>\n<p>En este tenor, el gobernador de Michoac\u00e1n Jes\u00fas Reyna, record\u00f3 que la administraci\u00f3n estatal, junto con la Comisi\u00f3n Federal de Mejora Regulatoria, establece una coordinaci\u00f3n para mejorar la regularizaci\u00f3n, la instalaci\u00f3n y el desarrollo empresas en los municipios; lo cual facilita que m\u00e1s propietarios de negocios entren a la formalidad y a su vez, se creen m\u00e1s fuentes de empleo.<\/p>\n","protected":false},"excerpt":{"rendered":"<p>El gobernador de Michoac\u00e1n, Jes\u00fas Reyna Garc\u00eda se comprometi\u00f3 junto con otros mandatarios estatales del pa\u00eds, a fomentar la formalidad laboral, en el marco de la firma del convenio de colaboraci\u00f3n para la aplicaci\u00f3n del Programa de Formalizaci\u00f3n del Empleo 2013, encabezado por el presidente de la Rep\u00fablica, Enrique Pe\u00f1a Nieto, que busca integrar los [&hellip;]<\/p>\n","protected":false},"author":1,"featured_media":0,"comment_status":"open","ping_status":"open","sticky":false,"template":"","format":"standard","meta":{"footnotes":""},"categories":[14,3],"tags":[],"class_list":["post-3243","post","type-post","status-publish","format-standard","hentry","category-destacadas","category-gobierno-del-estado-de-michoacan"],"_links":{"self":[{"href":"https:\/\/radiowebmx.com\/nota\/wp-json\/wp\/v2\/posts\/3243","targetHints":{"allow":["GET"]}}],"collection":[{"href":"https:\/\/radiowebmx.com\/nota\/wp-json\/wp\/v2\/posts"}],"about":[{"href":"https:\/\/radiowebmx.com\/nota\/wp-json\/wp\/v2\/types\/post"}],"author":[{"embeddable":true,"href":"https:\/\/radiowebmx.com\/nota\/wp-json\/wp\/v2\/users\/1"}],"replies":[{"embeddable":true,"href":"https:\/\/radiowebmx.com\/nota\/wp-json\/wp\/v2\/comments?post=3243"}],"version-history":[{"count":2,"href":"https:\/\/radiowebmx.com\/nota\/wp-json\/wp\/v2\/posts\/3243\/revisions"}],"predecessor-version":[{"id":3246,"href":"https:\/\/radiowebmx.com\/nota\/wp-json\/wp\/v2\/posts\/3243\/revisions\/3246"}],"wp:attachment":[{"href":"https:\/\/radiowebmx.com\/nota\/wp-json\/wp\/v2\/media?parent=3243"}],"wp:term":[{"taxonomy":"category","embeddable":true,"href":"https:\/\/radiowebmx.com\/nota\/wp-json\/wp\/v2\/categories?post=3243"},{"taxonomy":"post_tag","embeddable":true,"href":"https:\/\/radiowebmx.com\/nota\/wp-json\/wp\/v2\/tags?post=3243"}],"curies":[{"name":"wp","href":"https:\/\/api.w.org\/{rel}","templated":true}]}}