{"id":3234,"date":"2013-07-19T09:43:14","date_gmt":"2013-07-19T14:43:14","guid":{"rendered":"https:\/\/radiowebmx.com\/nota\/?p=3234"},"modified":"2013-07-19T09:43:14","modified_gmt":"2013-07-19T14:43:14","slug":"temas-de-cafe-64","status":"publish","type":"post","link":"https:\/\/radiowebmx.com\/nota\/temas-de-cafe-64\/","title":{"rendered":"TEMAS DE CAF\u00c9"},"content":{"rendered":"<ul>\n<li><a href=\"https:\/\/radiowebmx.com\/nota\/wp-content\/uploads\/2013\/06\/temas-de-cafe.jpg\"><img loading=\"lazy\" decoding=\"async\" class=\"alignleft size-full wp-image-2805\" alt=\"temas de cafe\" src=\"https:\/\/radiowebmx.com\/nota\/wp-content\/uploads\/2013\/06\/temas-de-cafe.jpg\" width=\"295\" height=\"171\" \/><\/a>YA LLEGO LA 2DA LICENCIA<\/li>\n<li>SON MAS INTERROGANTES<\/li>\n<li>ESPECIALISTAS EN TURISMO<\/li>\n<li>A CUBA, CON MICHOACANOS<\/li>\n<\/ul>\n<p>Los legisladores michoacanos lograron su prop\u00f3sito a medias, por eso hasta ayer por la tarde, Silvia Estrada coordinadora de la bancada del Sol Azteca en el Congreso, afirm\u00f3 que los diputados perredistas, no conceder\u00edan el permiso a Fausto, para ausentarse por hasta 180 d\u00edas, mientras que Alfonso Mart\u00ednez coordinador de la bancada azul, coment\u00f3 que es muy poco tiempo para analizarla la licencia, adem\u00e1s dijo que no se cuenta con el dictamen m\u00e9dico, o cl\u00ednico del equipo de cirujanos que realizaron el trasplante de h\u00edgado en los EU, por lo tanto podr\u00eda ser que la ratificaci\u00f3n de Jes\u00fas Reyna, se pueda realizar, entre el s\u00e1bado o domingo y podr\u00eda ser hasta el mismo lunes.<\/p>\n<p>LA LICENCIA ABRE M\u00c1S INTERROGANTES QUE CERTEZAS<\/p>\n<p>Los michoacanos a veces somos meticulosos, minuciosos y como nos hemos quemado con la leche, le soplamos hasta el jocoque, porque recordar\u00e1 usted que\u00a0 hubo molestia de la mayor\u00eda de los legisladores michoacanos, por lo que llamaron menosprecio de la actual administraci\u00f3n estatal y de Fausto Vallejo, gobernador con licencia, al retardar la entrega de la licencia, la cual de acuerdo a la mayor\u00eda de los diputado, se hubiera entregado con tiempo, para analizarla a fondo, sin prisas, lejos del fast track legislativo.<\/p>\n<p>Ayer poco despu\u00e9s del medio d\u00eda, hora del Angelus arrib\u00f3 a Palacio Lagislativo,\u00a0 Rub\u00e9n P\u00e9rez Gallardo, con la licencia bajo el brazo, acompa\u00f1ado de Julio C\u00e9sar Hern\u00e1ndez, fue recibido por Fidel Calder\u00f3n presidente de la mesa directiva del Congreso, quien a su vez fue acompa\u00f1ado de Raymundo Arreola de asuntos parlamentarios, y parec\u00eda que todo iba bien, pero oh sorpresa, no conten\u00eda el dictamen cl\u00ednico que exigieron.<\/p>\n<p>HAY MATERIAL PARA EMPEZAR: FIDEL CALDERON<\/p>\n<p>Muy propositivo el presidente de la mesa directiva, Fidel Calder\u00f3n afirm\u00f3 que era cierto, pero hab\u00eda tiempo para que lo entregaran, mientras tanto ten\u00edan suficiente para empezar a trabajar, momentos despu\u00e9s Fidel coment\u00f3 que minutos, antes hab\u00eda recibido en su celular, una llamada de Fausto Vallejo, gobernador con licencia, hab\u00edan platicado por unos momentos, Fausto dijo Fidel asegur\u00f3 que estar\u00e1 listo antes de los 180 d\u00edas, listo para regresar a asumir su responsabilidad, como titular del poder ejecutivo, coment\u00f3 Fidel que lo escuch\u00f3 en su tono de voz seguro, muy bien.<\/p>\n<p>\u00bfHUBO REUNION REYNA, FIDEL Y GODOY?<\/p>\n<p>En las \u00faltimas horas empez\u00f3 a correr un rumor como bola de nieve, en el sentido de que en estos d\u00edas hubo una reuni\u00f3n, entre el gobernador Jes\u00fas Reyna y Fidel Calder\u00f3n, con Leonel Godoy ex gobernador del estado, por lo cual se asegur\u00f3 que no habr\u00eda problema alguno, para ratificar a Jes\u00fas como gobernador del estado, ya sea el s\u00e1bado o el domingo,\u00a0 ya que Fidel ha afirmado en varias ocasiones, que Jes\u00fas re\u00fane todos los requisitos para continuar, al frente del gobierno michoacano, no hay nada que lo impida.<\/p>\n<p>Pero Fidel Calder\u00f3n\u00a0 neg\u00f3 este rumor, de que se haya reunido con Leonel Godoy y Jes\u00fas Reyna, para tratar el asunto de la licencia y ratificaci\u00f3n de Jes\u00fas, pero ahora bien, en el caso de que lo hubieran hecho, no es delito, ser\u00eda operaci\u00f3n pol\u00edtica y no afirmamos que se hayan reunido, pero en el caso de que lo hubieran hecho, no habr\u00eda problema alguno, aunque desde luego genera sospechosismo que lo hubieran hecho.<\/p>\n<p>JESUS: NO HAY PACTO. LEONEL: NO HAY NADA CONTRA MI<\/p>\n<p>Tal vez estas versiones generaron las preguntas, que los medios de comunicaci\u00f3n le hicieron tanto a Jes\u00fas Reyna, como a Leonel Godoy en su visita ayer a Morelia, para tratar este tema primero Jes\u00fas dijo, que este gobierno que inici\u00f3 Fausto Vallejo, no tiene ning\u00fan compromiso ni pacto, con Leonel Godoy, para no castigar en caso de que hubiera motivos, a sus ex colaboradores es m\u00e1s dijo, que la Procuradur\u00eda de\u00a0 Justicia trabaja a buen ritmo en la investigaci\u00f3n de las denuncias las cuales dijo, est\u00e1n en tiempo y forma, porque no se deben apresurar.<\/p>\n<p>En su caso Leonel Godoy ex gobernador del estado, afirm\u00f3 que hasta ahora solamente se han dicho mentiras, en torno a la deuda y a \u00a0\u00a0la responsabilidad, de varios de sus colaboradores, porque aunque \u00a0hay cinco denuncias, se trabaja en ellas pero se han ido desvaneciendo todas y contra \u00e9l, desde luego dijo no hay ninguna denuncia, por lo cual descart\u00f3 toda posibilidad, que siga los pasos de otros ex gobernadores, uno ya est\u00e1 detenido, como es Granier de Tabasco y el\u00a0 otro es Reynoso Femat de Aguascalientes, dijo que no tiene temor alguno.<\/p>\n<p>LA FIRMA DESPIERTA SOSPECHOSISMO, NO LE DIGO<\/p>\n<p>La licencia despert\u00f3 nuevas interrogantes, primero falta el dictamen m\u00e9dico cuando se dijo que ya se ten\u00eda, es m\u00e1s hasta\u00a0 traducido porque el original se encuentra en ingl\u00e9s, por lo tanto se coment\u00f3 en la esfera del gobierno estatal, que ya estaba\u00a0 traducido, pero\u00a0 no lleg\u00f3 por lo cual siguen los ocultamientos, por otra parte en Michoac\u00e1n poca gente no conoce la firma de Fausto, porque desde hace veinte a\u00f1os, ha estado enviando felicitaciones, por cumplea\u00f1os o aniversarios, a sus amigos, por lo tanto conocedores en la materia, tienen\u00a0 sus reservas sobre la firma.<\/p>\n<p>Quienes conocemos la firma de Fausto, porque tenemos varias felicitaciones a la mano, podemos ver que la firma del gobernador con licencia tiene trazos firmes, seguros,\u00a0 inicia con \u00a0una v y le siguen siete trazos, la firma del documento es una firma con solamente \u00a0cinco trazos, tres de ellos m\u00e1s o menos bien, uno definitivamente irrelevante, y dos trazos abiertos, y ninguno del Fausto que conocimos, los tiene abiertos, no es que seamos \u00a0fijados, pero este documento pasar\u00e1 la historia, por lo cual suponemos se debi\u00f3 tomar mucho cuidado en su elaboraci\u00f3n. Al fin ya est\u00e1 la segunda licencia, a ver que hacen los diputados con ella.<\/p>\n<p>A CUBA A RESPALDAR A ESTUDIANTES MICHOACANOS<\/p>\n<p>Este martes pr\u00f3ximo en la poblaci\u00f3n de Col\u00f3n, en Cuba se graduar\u00e1n 48 j\u00f3venes michoacanos, entre hombres y mujeres, en medicina, 8 son de esta ciudad, 12 de Uruapan, 2 de Nueva Italia y as\u00ed hasta llegar a 48, quienes fueron apoyados por la administraci\u00f3n de L\u00e1zaro C\u00e1rdenas Batel, para estudiar medicina pero hay m\u00e1s michoacanos, por lo menos 241 que se fueron a estudiar medicina, nutrici\u00f3n y educaci\u00f3n f\u00edsica principalmente y que se encuentran distribuidos por diversas instituciones en Cuba.<\/p>\n<p>Algunos ya se grad\u00faan en este a\u00f1o, y debemos comentarle que no solamente hay j\u00f3venes mexicanos, lo hay de todo el continente americano, ya que Cuba tiene fama en medicina, nutrici\u00f3n y desde luego en deportes, son potencia mundial, y este programa fue apoyado por el gobierno cubano y el de Venezuela, recordar\u00e1 usted la operaci\u00f3n de cataratas y retinitis pigmentaria, las primeras en Cuba y las segundas en Venezuela.<\/p>\n<p>Esta generaci\u00f3n de 48 michoacanos, invitaron al ex gobernador L\u00e1zaro C\u00e1rdenas, para que fuera su padrino, inicialmente acept\u00f3 no tenemos informaci\u00f3n si asistir\u00e1, la cuesti\u00f3n es que durante sus estudios en Cuba, han sido apoyados por diversos personajes, entre ellos Jes\u00fas Garibay ex senador de la rep\u00fablica, Fernando Orozco regidor moreliano por el PRD, y el diputado local Marco Trejo, no solamente en forma econ\u00f3mica sino, en el caso de Marco los apoya para primero hacer su servicio social, en Michoac\u00e1n y la revalidaci\u00f3n de algunas materias, para estar acordes con el sistema m\u00e9dico de Michoac\u00e1n, compatible con el nacional. <span style=\"text-decoration: underline;\">Pa<\/span><span style=\"text-decoration: underline;\">ra apoyar a nuestros paisanos y comentarle los <\/span><span style=\"text-decoration: underline;\">pormenores<\/span><span style=\"text-decoration: underline;\"> de esta graduaci\u00f3n, viajaremos a Cuba desde el lunes, un compromiso m\u00e1s de la Opini\u00f3n de Michoac\u00e1n, para tenerle bien informado.<\/span><\/p>\n<p>PERIODISTAS ESPECIALIZADOS EN TURISMO EN MICHOACAN<\/p>\n<p>Este fin de semana estar\u00e1n recorriendo lugares tur\u00edsticos de Michoac\u00e1n, diversos periodistas de publicaciones especializadas en turismo, invitados por la Secretar\u00eda de Turismo, dijo Roberto Monroy que conocer\u00e1n la diversidad gastron\u00f3mica, la cual tiene algunas reminiscencias, extranjeras, adaptadas a nuestro paladar, m\u00fasica, folclor, artesan\u00edas, atractivos naturales e hist\u00f3ricos, en fin una parte de lo que es Michoac\u00e1n y que son dignos de ser disfrutados, por los visitantes sean de donde sean. Hay para todos los gustos.<\/p>\n<p>CON COCOA NO HUBIERA PASADO ESTO<\/p>\n<p>La diputada local Gabriela Ceballos, dijo que con Luisa Mar\u00eda no hubiera \u00a0pasado, lo que sucede hoy con Fausto Vallejo, y bueno no dijo una mentira, pero tampoco hubiera pasado con Silvano Aureoles, la cuesti\u00f3n es que tenemos que enfrentar esto y superarlo, porque tenemos la idea de que sin que Jes\u00fas tenga todo el poder, seguir\u00e1 gobernando la entidad a medias, y esto no es bueno para Michoac\u00e1n. Fausto debe respaldarlo m\u00e1s, darle herramientas como permitirle hacer cambios en el gabinete, de quienes no han res<\/p>\n","protected":false},"excerpt":{"rendered":"<p>\u2022\tYA LLEGO LA 2DA LICENCIA<br \/>\n\u2022\tSON MAS INTERROGANTES<br \/>\n\u2022\tESPECIALISTAS EN TURISMO<br \/>\n\u2022\tA CUBA, CON MICHOACANOS<\/p>\n","protected":false},"author":1,"featured_media":0,"comment_status":"open","ping_status":"open","sticky":false,"template":"","format":"standard","meta":{"footnotes":""},"categories":[4,10],"tags":[],"class_list":["post-3234","post","type-post","status-publish","format-standard","hentry","category-columnistas","category-juan-manuel-belmonte"],"_links":{"self":[{"href":"https:\/\/radiowebmx.com\/nota\/wp-json\/wp\/v2\/posts\/3234","targetHints":{"allow":["GET"]}}],"collection":[{"href":"https:\/\/radiowebmx.com\/nota\/wp-json\/wp\/v2\/posts"}],"about":[{"href":"https:\/\/radiowebmx.com\/nota\/wp-json\/wp\/v2\/types\/post"}],"author":[{"embeddable":true,"href":"https:\/\/radiowebmx.com\/nota\/wp-json\/wp\/v2\/users\/1"}],"replies":[{"embeddable":true,"href":"https:\/\/radiowebmx.com\/nota\/wp-json\/wp\/v2\/comments?post=3234"}],"version-history":[{"count":1,"href":"https:\/\/radiowebmx.com\/nota\/wp-json\/wp\/v2\/posts\/3234\/revisions"}],"predecessor-version":[{"id":3235,"href":"https:\/\/radiowebmx.com\/nota\/wp-json\/wp\/v2\/posts\/3234\/revisions\/3235"}],"wp:attachment":[{"href":"https:\/\/radiowebmx.com\/nota\/wp-json\/wp\/v2\/media?parent=3234"}],"wp:term":[{"taxonomy":"category","embeddable":true,"href":"https:\/\/radiowebmx.com\/nota\/wp-json\/wp\/v2\/categories?post=3234"},{"taxonomy":"post_tag","embeddable":true,"href":"https:\/\/radiowebmx.com\/nota\/wp-json\/wp\/v2\/tags?post=3234"}],"curies":[{"name":"wp","href":"https:\/\/api.w.org\/{rel}","templated":true}]}}