{"id":32324,"date":"2017-03-08T11:04:34","date_gmt":"2017-03-08T17:04:34","guid":{"rendered":"https:\/\/radiowebmx.com\/nota\/?p=32324"},"modified":"2017-03-08T11:04:34","modified_gmt":"2017-03-08T17:04:34","slug":"temas-de-cafe-627","status":"publish","type":"post","link":"https:\/\/radiowebmx.com\/nota\/temas-de-cafe-627\/","title":{"rendered":"TEMAS DE CAF\u00c9"},"content":{"rendered":"<ul>\n<li>NO A LOS AVENTUREROS IDEOLOGICOS<\/li>\n<li>OCURRENCIAS Y OFERTAS SIMPLISTAS<\/li>\n<li>JUAN PABLO DEJA LA COORDINACION<\/li>\n<li>IRIS VIANEY TAMBIEN SE VA CON AMLO<\/li>\n<\/ul>\n<p>Por Juan Manuel BELMONTE<\/p>\n<p>Ayer como dice la tradici\u00f3n popular a Amlo le debieron,\u00a0 de haber zumbado los o\u00eddos porque en la celebraci\u00f3n del 202 aniversario, de que Jos\u00e9 Mar\u00eda Morelos cre\u00f3 el Supremo Tribunal de Justicia para la Am\u00e9rica Mexicana, en Ario de Rosales tanto el representante presidencial, a este acto Aurelio Nu\u00f1o Secretario de Educaci\u00f3n como el gobernador del estado, Silvano Aureoles Conejo aludieron al due\u00f1o de Morena, Andr\u00e9s Manuel L\u00f3pez Obrador en sus intervenciones, a quien entre ambos llamaron aventurero ideol\u00f3gico, al originario de Macuspana y concretamente, el mandatario estatal dijo que no es con ocurrencias, ni con ofertas simplistas y visiones unipersonales, como habremos de construir un mejor pa\u00eds.<\/p>\n<p>NU\u00d1O DESTACO AVANCES EN LA EDUCACION<\/p>\n<p>El representante presidencial a este evento Aurelio Nu\u00f1o, destac\u00f3 que M\u00e9xico necesita el trabajo y esfuerzo de los mexicanos, por lo que no debe haber divisiones en estos momentos, cuando se enfrenta a las agresiones del pa\u00eds del norte, por eso hizo un llamado a la unidad y record\u00f3, que en educaci\u00f3n se han dado pasos interesantes porque por ejemplo, en 1920 M\u00e9xico ten\u00eda 15 millones de habitantes, y el 70 por ciento era analfabeta\u00a0 solamente el 30 por ciento, iba a la escuela\u00a0 hoy\u00a0 se tiene solamente un\u00a0 5 por ciento de analfabetismo.<\/p>\n<p>EL CONGRESO DESAIRO ESTA CELEBRACION<\/p>\n<p>Es muy raro porque generalmente los representantes, de los diversos partidos pol\u00edticos que integran el Congreso del Estado, asisten a celebraciones importantes y la instalaci\u00f3n del primer tribunal supremo de justicia en el pa\u00eds, es un hecho importante que empez\u00f3 a celebrarse, desde la administraci\u00f3n de Carlos Torres Manzo, pero en esta\u00a0 ocasi\u00f3n no sabemos realmente qu\u00e9 sucedi\u00f3, solamente asistieron a esta evento cinco diputados, Pascual Sigala presidente de la mesa directiva, Adriana Hern\u00e1ndez, Yarav\u00ed Avila, Wilfrido L\u00e1zaro y Belinda Iturbide, o sea tres del PRI y dos del PRD y nada m\u00e1s.<\/p>\n<p>EL PAN INICIO SU REFRENDO ANUAL<\/p>\n<p>Primero le cometamos que es falso el rumor de que el dirigente estatal del PAN,\u00a0 Jos\u00e9 Manuel Hinojosa P\u00e9rez saldr\u00eda de la dirigencia, es totalmente una mentira ya que Jos\u00e9 Manuel hasta ahora goza, de la confianza de la mayor\u00eda de quienes mandan en el panismo michoacano, porque una cosa es que la gente de Luisa Mar\u00eda no lo quiera, y otra que pueda dejar la dirigencia.<\/p>\n<p>Por otra parte del seis de este mes durante cincuenta d\u00edas, el PAN michoacano inici\u00f3 sus refrendo anual, durante el cual los militantes del PAN, hacen lo necesario para ratificar su militancia, proceso en el cual se debe presentar la credencial de elector, un celular porque despu\u00e9s de verificar que se encuentra en el padr\u00f3n, se le otorga un c\u00f3digo que se env\u00eda al militante, por medio del celular todo esto se hace para evitar que haya registros alterados.<\/p>\n<p>De esta manera el PAN es el \u00fanico partido que lleva con este proceso anual, un registro real de su padr\u00f3n estatal, porque ni un partido fuera del PAN sabe exactamente, cu\u00e1ntas personas integran realmente su padr\u00f3n. Por cierto para poder ingresar al PAN es mediante un procedimiento complicado, pero para salirse es f\u00e1cil solamente no acuden a su refrendo anual, y listo queda fuera.<\/p>\n<p>JOSE LUIS GOMEZ, CURSOS DE LOCUCION Y DICCION<\/p>\n<p>Desde que se dio a conocer que se cambiar\u00eda el sistema de la aplicaci\u00f3n de la justicia, por el Nuevo Sistema de Justicia Penal, se supone que las escuelas tanto privadas como p\u00fablicas, donde se imparten las carreras de derecho, debieron de haber iniciado cursos de dicci\u00f3n, locuci\u00f3n, lenguaje corporal y redacci\u00f3n para aplicarse en este nuevo sistema, pero no se hizo por lo menos no en la Facultad de Derecho y Ciencias Sociales, no lo hizo ante esta deficiencia la mayor\u00eda, de los egresados en todos estos a\u00f1os no saben bien todo esto.<\/p>\n<p>Por eso son importantes los cursos que imparte Jos\u00e9 Luis G\u00f3mez, quien ha sido maestro de ceremonias de los \u00faltimos 14 gobernadores en Michoac\u00e1n, tambi\u00e9n es licenciado en derecho e historiador, ayer mismo fue maestro de ceremonias en el acto mediante el cual, se record\u00f3 el 202 aniversario de la instalaci\u00f3n del primer tribunal supremo de justicia en el pa\u00eds, los interesados pueden comunicarse con Jos\u00e9 Luis, al 4431194608 les ser\u00e1 de gran utilidad estos cursos.<\/p>\n<p>IRIS VIANEY, LORENA Y LUZ MARIA CON AMLO<\/p>\n<p>Finalmente terminar\u00e1 siendo una mini bancada del PRD en el Senado, ya que de los 22 que eran inicialmente se fueron varios y ya solamente estaban 16, pero con la salida de la michoacana Iris Vianey Mendoza, as\u00ed como de sus compa\u00f1eras Lorena Cu\u00e9llar Cisneros y Luz Mar\u00eda Berist\u00e1in, esta bancada en el Senado casi est\u00e1 por desaparecer, m\u00e1s pero con los problemas que tiene Miguel Barbosa, quien no quiere dejar la coordinaci\u00f3n, ya le hemos contado por el dinero que representa ese puesto.<\/p>\n<p>AMLO COMPRA PURO CASCAJO DEL PRD<\/p>\n<p>El dirigente del PRD en la ciudad de M\u00e9xico Ra\u00fal Flores coment\u00f3, en relaci\u00f3n a quienes se han ido con Amlo, como \u00faltimamente el secretario de turismo de Mancera, y hace d\u00edas Leticia Quezada desde luego los senadores, o los diputados y los de la asamblea legislativa que han dado a conocer, sus simpat\u00edas por Amlo coment\u00f3 que el due\u00f1o de Morena, solamente estaba comprando cascajo del PRD.<\/p>\n<p>JUAN PABLO PUEBLA DEJA LA COORDINACION<\/p>\n<p>Primero les comentamos cuando fue elegido, como coordinador de la bancada perredista en el Congreso, que no debi\u00f3 haber llegado porque representaba a una minor\u00eda, ya que el Frente Amplio Progresista de Fidel Calder\u00f3n,\u00a0 no es tan amplio solamente tiene dos diputados en el Congreso, pero usted sabe las negociaciones en pol\u00edtica son sorprendentes, as\u00ed lleg\u00f3 Juan Pablo Puebla a la coordinaci\u00f3n.<\/p>\n<p>Estuvo m\u00e1s o menos en paz algunos meses, pero como hace unos dos meses empez\u00f3 a mostrar su cara real, seguidor y simpatizante de Amlo due\u00f1o de Morena, claro que si supieran lo que es\u00a0 moral y \u00e9tico hubieran dejado al PRD, y se hubieran afiliado a Morena porque no es moral y \u00e9tico, usar recursos que les permite tener el PRD para ayudar a Morena, partido que busca destruir al PRD.<\/p>\n<p>ESTAN EN SU DERECHO DE APOYAR A AMLO<\/p>\n<p>Nadie les niega el derecho de apoyar a Amlo, lo que si no es moral ni \u00e9tico que usen los recursos, que les permiti\u00f3 el PRD y los puestos que les ofreci\u00f3 el PRD para, financiar las aspiraciones de Andr\u00e9s Manuel eso en castellano castizo, son sinverguenzadas propio de malandrines aunque en mi colonia materna la Obrera, les dicen de otra manera as\u00ed que por fin se decidieron para quitar de la coordinaci\u00f3n a Juan Pablo Puebla, diputado por Zacapu quien reiter\u00f3 que seguir\u00e1 apoyando, a Andr\u00e9s Manuel rumbo a la presidencia de M\u00e9xico, pero dentro del PRD.<\/p>\n<p>MANUEL LOPEZ MELENDEZ, TERCER COORDINADOR<\/p>\n<p>De esta manera arriba a la coordinaci\u00f3n quien debiera haber sido, hace cuatro meses cuando Pascual Sigala dej\u00f3 ese puesto, para pasar a convertirse en el presidente de la Mesa Directiva del Congreso, ese era el momento en que Manuel L\u00f3pez, hubiera asumido la coordinaci\u00f3n porque pertenece, a la corriente ADN que en Michoac\u00e1n dirige Carlos Torres Pi\u00f1a, y a nivel nacional H\u00e9ctor Bautista quien anda de la gre\u00f1a, con los Chuchos por la candidatura al gobierno del estado de M\u00e9xico.<\/p>\n<p>OCHOA REZA \u00bfPREOCUPADO POR LA SALUD DE AMLO?<\/p>\n<p>Desde luego nos llam\u00f3 poderosamente\u00a0 la atenci\u00f3n, las declaraciones del dirigente nacional del PRI, Enrique Ochoa Reza en relaci\u00f3n a la salud de Andr\u00e9s Manuel,\u00a0 ya que le recomend\u00f3 que coma sano frutas y verduras, ya que afirm\u00f3 que la salud del due\u00f1o de Morena mejorar\u00eda, si lleva una vida m\u00e1s ordenada y si deja de hacer, lo que hace y si cambia vivir\u00e1 m\u00e1s y mejor.<\/p>\n<p>Esto nos parece una nueva estrategia sacada del libro, de Tzun Tzu \u201cEl Arte de la Guerra\u201d donde recomienda ganar, con el menor da\u00f1o posible con acciones sicol\u00f3gicas e inteligentes, ya que Ochoa Reza dijo que \u00faltimamente ve\u00eda a Amlo cansado, p\u00e1lido y con sobrepeso a tal grado que ya no llega, al final de la jornada porque no cumple con su agenda diaria, por lo que dijo que hab\u00eda que estar atentos ya que anteriormente,\u00a0 present\u00f3 algunos problemas cardiacos esto lo dijo, el dirigente nacional del PRI en un programa de radio.<\/p>\n","protected":false},"excerpt":{"rendered":"<p>NO A LOS AVENTUREROS IDEOLOGICOS<br \/>\nOCURRENCIAS Y OFERTAS SIMPLISTAS<br \/>\nJUAN PABLO DEJA LA COORDINACION<br \/>\nIRIS VIANEY TAMBIEN SE VA CON AMLO<\/p>\n","protected":false},"author":1,"featured_media":0,"comment_status":"open","ping_status":"open","sticky":false,"template":"","format":"standard","meta":{"footnotes":""},"categories":[4,10],"tags":[],"class_list":["post-32324","post","type-post","status-publish","format-standard","hentry","category-columnistas","category-juan-manuel-belmonte"],"_links":{"self":[{"href":"https:\/\/radiowebmx.com\/nota\/wp-json\/wp\/v2\/posts\/32324","targetHints":{"allow":["GET"]}}],"collection":[{"href":"https:\/\/radiowebmx.com\/nota\/wp-json\/wp\/v2\/posts"}],"about":[{"href":"https:\/\/radiowebmx.com\/nota\/wp-json\/wp\/v2\/types\/post"}],"author":[{"embeddable":true,"href":"https:\/\/radiowebmx.com\/nota\/wp-json\/wp\/v2\/users\/1"}],"replies":[{"embeddable":true,"href":"https:\/\/radiowebmx.com\/nota\/wp-json\/wp\/v2\/comments?post=32324"}],"version-history":[{"count":1,"href":"https:\/\/radiowebmx.com\/nota\/wp-json\/wp\/v2\/posts\/32324\/revisions"}],"predecessor-version":[{"id":32325,"href":"https:\/\/radiowebmx.com\/nota\/wp-json\/wp\/v2\/posts\/32324\/revisions\/32325"}],"wp:attachment":[{"href":"https:\/\/radiowebmx.com\/nota\/wp-json\/wp\/v2\/media?parent=32324"}],"wp:term":[{"taxonomy":"category","embeddable":true,"href":"https:\/\/radiowebmx.com\/nota\/wp-json\/wp\/v2\/categories?post=32324"},{"taxonomy":"post_tag","embeddable":true,"href":"https:\/\/radiowebmx.com\/nota\/wp-json\/wp\/v2\/tags?post=32324"}],"curies":[{"name":"wp","href":"https:\/\/api.w.org\/{rel}","templated":true}]}}