{"id":32271,"date":"2017-03-07T12:16:09","date_gmt":"2017-03-07T18:16:09","guid":{"rendered":"https:\/\/radiowebmx.com\/nota\/?p=32271"},"modified":"2017-03-07T12:16:09","modified_gmt":"2017-03-07T18:16:09","slug":"inauguran-gobernador-y-semar-estacion-naval-la-placita-en-aquila","status":"publish","type":"post","link":"https:\/\/radiowebmx.com\/nota\/inauguran-gobernador-y-semar-estacion-naval-la-placita-en-aquila\/","title":{"rendered":"Inauguran Gobernador y Semar Estaci\u00f3n Naval &#8220;La Placita&#8221; en Aquila"},"content":{"rendered":"<p><img loading=\"lazy\" decoding=\"async\" class=\"alignleft size-full wp-image-32272\" src=\"https:\/\/radiowebmx.com\/nota\/wp-content\/uploads\/2017\/03\/8387f575-7de5-4f62-8cbf-c15340c5e174.jpeg\" alt=\"8387f575-7de5-4f62-8cbf-c15340c5e174\" width=\"709\" height=\"472\" srcset=\"https:\/\/radiowebmx.com\/nota\/wp-content\/uploads\/2017\/03\/8387f575-7de5-4f62-8cbf-c15340c5e174.jpeg 709w, https:\/\/radiowebmx.com\/nota\/wp-content\/uploads\/2017\/03\/8387f575-7de5-4f62-8cbf-c15340c5e174-300x200.jpeg 300w\" sizes=\"auto, (max-width: 709px) 100vw, 709px\" \/><\/p>\n<p>&nbsp;<\/p>\n<p><strong>La Placita, mpio. de Aquila, Michoac\u00e1n, a 6 de marzo de 2017.-<\/strong> Junto con los tres \u00f3rdenes de Gobierno y sociedad civil lograremos la paz duradera y tranquilidad que demanda la poblaci\u00f3n, as\u00ed lo afirm\u00f3 el Gobernador Constitucional Silvano Aureoles Conejo al inaugurar junto con el secretario de la Marina, almirante Vidal Francisco Sober\u00f3n Sanz, la Estaci\u00f3n Naval &#8220;La Placita&#8221; en el municipio de Aquila.<\/p>\n<p>Frente a los marinos de la Estaci\u00f3n Naval, el mandatario estatal dej\u00f3 en claro que ya no es tiempo de que ciudadanos act\u00faen fuera del marco de la ley y no hay cabida para grupos delictivos en esta regi\u00f3n de la entidad.<\/p>\n<p>Silvano Aureoles reconoci\u00f3 la labor que la Semar ha realizado en este municipio. &#8220;Con su amor, los marinos brindan atenci\u00f3n y protecci\u00f3n a la poblaci\u00f3n, por eso los mexicanos les tenemos respeto, aprecio y admiraci\u00f3n&#8221;.<\/p>\n<p>Ante ello, Aureoles Conejo refiri\u00f3 que el esfuerzo realizado, es indispensable para lograr el Estado de Derecho. &#8220;El respeto a la ley y el orden que nos permita crecer econ\u00f3micamente y as\u00ed aprovechar las riquezas que tenemos&#8221;.<\/p>\n<p>Aquila, destac\u00f3, es un para\u00edso de hermosas playas, zona que, adem\u00e1s, cuenta con un potencial minero.<\/p>\n<p>Por lo anterior, dijo que es importante brindar todo el apoyo y atenci\u00f3n en materia de desarrollo y seguridad. &#8220;Michoac\u00e1n tiene todo para que se desarrollen las tareas productivas y la convivencia sana y arm\u00f3nica&#8221;.<\/p>\n<p>Finalmente, el Gobernador inform\u00f3 que en breve ser\u00e1 inaugurada la Estaci\u00f3n Naval del municipio de Coahuayana y se colocar\u00e1 la primera piedra de la que se edificar\u00e1 en Caleta de Campos.<\/p>\n<p>Por su parte, el secretario de Marina, almirante Vidal Francisco Sober\u00f3n, expres\u00f3 que esta Estaci\u00f3n Naval es la primera de tres que se construir\u00e1n en la zona, como resultado del trabajo conjunto que se tiene con el Gobierno del Estado, lo que ayudar\u00e1 a cerrar filas al flagelo de la delincuencia.<\/p>\n<p>Record\u00f3 que el pasado 16 de mayo, se puso en marcha la construcci\u00f3n de la Estaci\u00f3n Naval &#8220;La Placita&#8221;, resultado del Convenio de Colaboraci\u00f3n signado entre el Gobierno del Estado y la Secretar\u00eda de Marina encaminado a lograr una mayor presencia del personal naval en la franja costera del estado.<\/p>\n<p>Asimismo, explic\u00f3 que a trav\u00e9s de este centro de operaciones se incrementar\u00e1 el apoyo log\u00edstico a las fuerzas navales de tierra, aire y mar para realizar las labores de seguridad en la zona.<\/p>\n<p>De esta manera, se tendr\u00e1 mayor capacidad de control, supervisi\u00f3n y disuasi\u00f3n, adem\u00e1s de proyectar la fuerza t\u00e1ctica a mayores distancias a trav\u00e9s de aeronaves y equipo terrestre.<\/p>\n<p>En caso de zona de desastre, la Marina podr\u00e1 desplegar de manera inmediata y oportuna acciones de emergencia.<\/p>\n<p>&#8220;Michoac\u00e1n, merece vivir en condiciones de paz y seguridad que les permita potenciar sus enormes capacidades&#8221;, expres\u00f3.<\/p>\n<p>Ante ello, aplaudi\u00f3 la determinaci\u00f3n del Gobierno del Estado para fortalecer los cuerpos policiacos de la entidad, por lo que se dijo confiado en que Michoac\u00e1n ser\u00e1 de las primeras entidades en lograr la profesionalizaci\u00f3n de sus polic\u00edas.<\/p>\n<p>El presidente municipal de Aquila, Jos\u00e9 Luis Ortega Olivares, destac\u00f3 que la poblaci\u00f3n ve con mucho gusto y agrado la Estaci\u00f3n Naval porque &#8220;con este tipo de instalaciones tendremos mayor seguridad&#8221;.<\/p>\n<p>Agradeci\u00f3 el apoyo en materia de seguridad. &#8220;No hay secuestro, no hay robo y no hay inseguridad; resultado obtenido por la coordinaci\u00f3n entre los tres \u00f3rdenes de Gobierno&#8221;.<\/p>\n<p>Calific\u00f3 como positivo, el desempe\u00f1o presentado por los integrantes de la Secretar\u00eda de Marina en cada una de las comunidades del municipio. &#8220;Trabajando en un marco legal, ayudaremos a traer mejores condiciones de vida&#8221;.<\/p>\n<p>Es importante destacar que la Estaci\u00f3n Naval &#8220;La Placita&#8221; servir\u00e1 como un centro de operaciones y apoyo tur\u00edstico de la regi\u00f3n, que albergar\u00e1 a m\u00e1s de 100 elementos de la Secretar\u00eda de Marina. La Estaci\u00f3n Naval se edific\u00f3 en 2 mil 800 metros cuadrados.<\/p>\n<p>Estuvieron presentes en esta inauguraci\u00f3n el secretario de Seguridad P\u00fablica, Juan Bernardo Corona Mart\u00ednez; el procurador General de Justicia del Estado, Jos\u00e9 Mart\u00edn Godoy Castro; la delegada de la PGR en Michoac\u00e1n, Bertha Paredes Gardu\u00f1o; el comandante de la 43 Zona Militar, general Cruz Isaac Mu\u00f1oz Navarro; el comandante de la 10 Zona Naval, vicealmirante Gonzalo Ortiz Guzm\u00e1n; el comandante de la VI Regi\u00f3n Naval Militar, almirante Jorge Alberto Burguete Kaller; el comandante de la XII Regi\u00f3n Militar, general Miguel \u00c1ngel Pati\u00f1o Canchola; el presidente de la Mesa Directiva del Congreso del Estado, diputado Pascual Sigala P\u00e1ez; el presidente del Supremo Tribunal de Justicia del Estado, magistrado Marco Antonio Flores Negrete; el coordinador estatal de la Polic\u00eda Federal, Israel Galv\u00e1n Jaime, as\u00ed como diversas autoridades estatales y municipales.<\/p>\n","protected":false},"excerpt":{"rendered":"<p>Junto con los tres \u00f3rdenes de Gobierno y sociedad civil lograremos la paz duradera y tranquilidad que demanda la poblaci\u00f3n, as\u00ed lo afirm\u00f3 el Gobernador Constitucional Silvano Aureoles Conejo al inaugurar junto con el secretario de la Marina, almirante Vidal Francisco Sober\u00f3n Sanz, la Estaci\u00f3n Naval &#8220;La Placita&#8221; en el municipio de Aquila.<\/p>\n","protected":false},"author":1,"featured_media":32272,"comment_status":"open","ping_status":"open","sticky":false,"template":"","format":"standard","meta":{"footnotes":""},"categories":[14,3],"tags":[],"class_list":["post-32271","post","type-post","status-publish","format-standard","has-post-thumbnail","hentry","category-destacadas","category-gobierno-del-estado-de-michoacan"],"_links":{"self":[{"href":"https:\/\/radiowebmx.com\/nota\/wp-json\/wp\/v2\/posts\/32271","targetHints":{"allow":["GET"]}}],"collection":[{"href":"https:\/\/radiowebmx.com\/nota\/wp-json\/wp\/v2\/posts"}],"about":[{"href":"https:\/\/radiowebmx.com\/nota\/wp-json\/wp\/v2\/types\/post"}],"author":[{"embeddable":true,"href":"https:\/\/radiowebmx.com\/nota\/wp-json\/wp\/v2\/users\/1"}],"replies":[{"embeddable":true,"href":"https:\/\/radiowebmx.com\/nota\/wp-json\/wp\/v2\/comments?post=32271"}],"version-history":[{"count":1,"href":"https:\/\/radiowebmx.com\/nota\/wp-json\/wp\/v2\/posts\/32271\/revisions"}],"predecessor-version":[{"id":32273,"href":"https:\/\/radiowebmx.com\/nota\/wp-json\/wp\/v2\/posts\/32271\/revisions\/32273"}],"wp:featuredmedia":[{"embeddable":true,"href":"https:\/\/radiowebmx.com\/nota\/wp-json\/wp\/v2\/media\/32272"}],"wp:attachment":[{"href":"https:\/\/radiowebmx.com\/nota\/wp-json\/wp\/v2\/media?parent=32271"}],"wp:term":[{"taxonomy":"category","embeddable":true,"href":"https:\/\/radiowebmx.com\/nota\/wp-json\/wp\/v2\/categories?post=32271"},{"taxonomy":"post_tag","embeddable":true,"href":"https:\/\/radiowebmx.com\/nota\/wp-json\/wp\/v2\/tags?post=32271"}],"curies":[{"name":"wp","href":"https:\/\/api.w.org\/{rel}","templated":true}]}}