{"id":32263,"date":"2017-03-07T12:09:10","date_gmt":"2017-03-07T18:09:10","guid":{"rendered":"https:\/\/radiowebmx.com\/nota\/?p=32263"},"modified":"2017-03-07T12:09:10","modified_gmt":"2017-03-07T18:09:10","slug":"gerencia-del-patrimonio-cultural-continua-en-reclutamiento-de-talento-local","status":"publish","type":"post","link":"https:\/\/radiowebmx.com\/nota\/gerencia-del-patrimonio-cultural-continua-en-reclutamiento-de-talento-local\/","title":{"rendered":"Gerencia del Patrimonio Cultural contin\u00faa en reclutamiento de talento local"},"content":{"rendered":"<p><img loading=\"lazy\" decoding=\"async\" class=\"alignleft size-full wp-image-32264\" src=\"https:\/\/radiowebmx.com\/nota\/wp-content\/uploads\/2017\/03\/b9f4ce0f-28c1-4463-978a-8c2873968ed7.jpg\" alt=\"b9f4ce0f-28c1-4463-978a-8c2873968ed7\" width=\"709\" height=\"556\" srcset=\"https:\/\/radiowebmx.com\/nota\/wp-content\/uploads\/2017\/03\/b9f4ce0f-28c1-4463-978a-8c2873968ed7.jpg 709w, https:\/\/radiowebmx.com\/nota\/wp-content\/uploads\/2017\/03\/b9f4ce0f-28c1-4463-978a-8c2873968ed7-300x235.jpg 300w\" sizes=\"auto, (max-width: 709px) 100vw, 709px\" \/><\/p>\n<p>&nbsp;<\/p>\n<p>Con el fin de que la ciudadan\u00eda viva la experiencia de formar parte de lo que se ofrecer\u00e1 en la agenda de actividades para Semana Santa, la Gerencia del Patrimonio Cultural a cargo de Gaspar Hern\u00e1ndez Razo anunci\u00f3 que a\u00fan existen espacios para participar y ser parte del elenco de las representaciones \u201cLa \u00daltima Cena\u201d y \u201cHe aqu\u00ed, al hombre\u201d.<\/p>\n<p>\u201cBuscamos a todos aquellos que les guste actuar, con\u00a0 dotes histri\u00f3nicos y sobre todo con amor por su ciudad para que formen parte de estas obras teatrales que tenemos preparadas para los morelianos y que ya anteriormente hemos reunido a cientos de asistentes a ellas\u201d, expres\u00f3.<\/p>\n<p>En la ruta de promover la cultura, la dependencia municipal mencionada lanz\u00f3 desde el pasado 24 de febrero del a\u00f1o en curso esta convocatoria abierta para lo cual solo deber\u00e1 acudir la poblaci\u00f3n interesada a la Casona de la Rosas con el Director de estas puestas en escena, Juan Carlos Arvide y realizar su prueba de aptitudes.<\/p>\n<p>Dicho lugar se encuentra ubicado en la calle Aquiles Serd\u00e1n no. 35, en el Primer Cuadro de la ciudad y esta convocatoria es general, accesible a todos los interesados que gustan por este arte esc\u00e9nico.<\/p>\n<p>Por su parte, el Director de Promoci\u00f3n y Formaci\u00f3n Cultural de la Gerencia, Alejandro Tovar Cort\u00e9s mencion\u00f3 que hasta el 15 de marzo las personas podr\u00e1n realizar su prueba para participar e integrarse al elenco de las representaciones \u201cLa \u00daltima Cena\u201d y \u201cHe aqu\u00ed, al hombre\u201d.<\/p>\n","protected":false},"excerpt":{"rendered":"<p>Con el fin de que la ciudadan\u00eda viva la experiencia de formar parte de lo que se ofrecer\u00e1 en la agenda de actividades para Semana Santa, la Gerencia del Patrimonio Cultural a cargo de Gaspar Hern\u00e1ndez Razo anunci\u00f3 que a\u00fan existen espacios para participar y ser parte del elenco de las representaciones \u201cLa \u00daltima Cena\u201d y \u201cHe aqu\u00ed, al hombre\u201d.<\/p>\n","protected":false},"author":1,"featured_media":32264,"comment_status":"open","ping_status":"open","sticky":false,"template":"","format":"standard","meta":{"footnotes":""},"categories":[14,9],"tags":[],"class_list":["post-32263","post","type-post","status-publish","format-standard","has-post-thumbnail","hentry","category-destacadas","category-morelia"],"_links":{"self":[{"href":"https:\/\/radiowebmx.com\/nota\/wp-json\/wp\/v2\/posts\/32263","targetHints":{"allow":["GET"]}}],"collection":[{"href":"https:\/\/radiowebmx.com\/nota\/wp-json\/wp\/v2\/posts"}],"about":[{"href":"https:\/\/radiowebmx.com\/nota\/wp-json\/wp\/v2\/types\/post"}],"author":[{"embeddable":true,"href":"https:\/\/radiowebmx.com\/nota\/wp-json\/wp\/v2\/users\/1"}],"replies":[{"embeddable":true,"href":"https:\/\/radiowebmx.com\/nota\/wp-json\/wp\/v2\/comments?post=32263"}],"version-history":[{"count":1,"href":"https:\/\/radiowebmx.com\/nota\/wp-json\/wp\/v2\/posts\/32263\/revisions"}],"predecessor-version":[{"id":32265,"href":"https:\/\/radiowebmx.com\/nota\/wp-json\/wp\/v2\/posts\/32263\/revisions\/32265"}],"wp:featuredmedia":[{"embeddable":true,"href":"https:\/\/radiowebmx.com\/nota\/wp-json\/wp\/v2\/media\/32264"}],"wp:attachment":[{"href":"https:\/\/radiowebmx.com\/nota\/wp-json\/wp\/v2\/media?parent=32263"}],"wp:term":[{"taxonomy":"category","embeddable":true,"href":"https:\/\/radiowebmx.com\/nota\/wp-json\/wp\/v2\/categories?post=32263"},{"taxonomy":"post_tag","embeddable":true,"href":"https:\/\/radiowebmx.com\/nota\/wp-json\/wp\/v2\/tags?post=32263"}],"curies":[{"name":"wp","href":"https:\/\/api.w.org\/{rel}","templated":true}]}}