{"id":32241,"date":"2017-03-06T13:21:55","date_gmt":"2017-03-06T19:21:55","guid":{"rendered":"https:\/\/radiowebmx.com\/nota\/?p=32241"},"modified":"2017-03-06T13:21:55","modified_gmt":"2017-03-06T19:21:55","slug":"todo-listo-para-el-curso-taller-estrategias-de-comunicacion-y-marketing-para-emprendedores-morelianos","status":"publish","type":"post","link":"https:\/\/radiowebmx.com\/nota\/todo-listo-para-el-curso-taller-estrategias-de-comunicacion-y-marketing-para-emprendedores-morelianos\/","title":{"rendered":"Todo listo para el Curso Taller Estrategias de Comunicaci\u00f3n y Marketing para emprendedores morelianos"},"content":{"rendered":"<p><img loading=\"lazy\" decoding=\"async\" class=\"alignleft size-full wp-image-32242\" src=\"https:\/\/radiowebmx.com\/nota\/wp-content\/uploads\/2017\/03\/a5745d8b-f6e7-4b2b-ade4-ef8ca3a42b77.jpg\" alt=\"a5745d8b-f6e7-4b2b-ade4-ef8ca3a42b77\" width=\"709\" height=\"531\" srcset=\"https:\/\/radiowebmx.com\/nota\/wp-content\/uploads\/2017\/03\/a5745d8b-f6e7-4b2b-ade4-ef8ca3a42b77.jpg 709w, https:\/\/radiowebmx.com\/nota\/wp-content\/uploads\/2017\/03\/a5745d8b-f6e7-4b2b-ade4-ef8ca3a42b77-300x225.jpg 300w\" sizes=\"auto, (max-width: 709px) 100vw, 709px\" \/><\/p>\n<p>&nbsp;<\/p>\n<p>Bajo el objetivo de promover la educaci\u00f3n y la instrucci\u00f3n en temas que fomenten el desarrollo econ\u00f3mico del municipio, el Colegio de Morelia impartir\u00e1 el curso Taller Estrategias de Comunicaci\u00f3n y Marketing para micro, peque\u00f1as y medianas empresas.<\/p>\n<p>El Director de esta dependencia municipal, Alejandro Amante Urbina, resalt\u00f3 que estas herramientas permiten a los emprendedores o empresarios que van iniciando, fortalezcan su negocio mediante t\u00e1cticas de mercadeo, as\u00ed como dar a conocer su producto o servicios de manera efectiva a los clientes, que hagan crecer su negocio y posicionarlo en el gusto de la ciudadan\u00eda, con lo cual se genere mayor dinamismo en la econom\u00eda local.<\/p>\n<p>Adem\u00e1s, Amante Urbina record\u00f3 que debido al \u00e9xito e inter\u00e9s que se ha tenido por las personas interesadas en tomarlo se abrir\u00e1n dos fechas m\u00e1s despu\u00e9s del 11 de marzo, para el pr\u00f3ximo 18 y 25 de marzo, ambas cursos con cuotas de recuperaci\u00f3n de 240 pesos en horarios de 8:30 a 14:30 horas.<\/p>\n<p>Los interesados deber\u00e1n comunicarse a los tel\u00e9fonos 3 59 76 74 y 2 99 16 06 extensi\u00f3n 309 y 317 o acudir a las instalaciones del Colegio de Morelia ubicadas en Avenida Guadalupe Victoria #2225 en la colonia Lomas de\u00a0 Santiaguito.<\/p>\n","protected":false},"excerpt":{"rendered":"<p>Bajo el objetivo de promover la educaci\u00f3n y la instrucci\u00f3n en temas que fomenten el desarrollo econ\u00f3mico del municipio, el Colegio de Morelia impartir\u00e1 el curso Taller Estrategias de Comunicaci\u00f3n y Marketing para micro, peque\u00f1as y medianas empresas.<\/p>\n","protected":false},"author":1,"featured_media":32242,"comment_status":"open","ping_status":"open","sticky":false,"template":"","format":"standard","meta":{"footnotes":""},"categories":[14,3],"tags":[],"class_list":["post-32241","post","type-post","status-publish","format-standard","has-post-thumbnail","hentry","category-destacadas","category-gobierno-del-estado-de-michoacan"],"_links":{"self":[{"href":"https:\/\/radiowebmx.com\/nota\/wp-json\/wp\/v2\/posts\/32241","targetHints":{"allow":["GET"]}}],"collection":[{"href":"https:\/\/radiowebmx.com\/nota\/wp-json\/wp\/v2\/posts"}],"about":[{"href":"https:\/\/radiowebmx.com\/nota\/wp-json\/wp\/v2\/types\/post"}],"author":[{"embeddable":true,"href":"https:\/\/radiowebmx.com\/nota\/wp-json\/wp\/v2\/users\/1"}],"replies":[{"embeddable":true,"href":"https:\/\/radiowebmx.com\/nota\/wp-json\/wp\/v2\/comments?post=32241"}],"version-history":[{"count":1,"href":"https:\/\/radiowebmx.com\/nota\/wp-json\/wp\/v2\/posts\/32241\/revisions"}],"predecessor-version":[{"id":32243,"href":"https:\/\/radiowebmx.com\/nota\/wp-json\/wp\/v2\/posts\/32241\/revisions\/32243"}],"wp:featuredmedia":[{"embeddable":true,"href":"https:\/\/radiowebmx.com\/nota\/wp-json\/wp\/v2\/media\/32242"}],"wp:attachment":[{"href":"https:\/\/radiowebmx.com\/nota\/wp-json\/wp\/v2\/media?parent=32241"}],"wp:term":[{"taxonomy":"category","embeddable":true,"href":"https:\/\/radiowebmx.com\/nota\/wp-json\/wp\/v2\/categories?post=32241"},{"taxonomy":"post_tag","embeddable":true,"href":"https:\/\/radiowebmx.com\/nota\/wp-json\/wp\/v2\/tags?post=32241"}],"curies":[{"name":"wp","href":"https:\/\/api.w.org\/{rel}","templated":true}]}}