{"id":32239,"date":"2017-03-06T13:16:42","date_gmt":"2017-03-06T19:16:42","guid":{"rendered":"https:\/\/radiowebmx.com\/nota\/?p=32239"},"modified":"2017-03-06T13:16:42","modified_gmt":"2017-03-06T19:16:42","slug":"hoy-conferencia-magistral-de-sara-sefchovich-en-la-capital-michoacana","status":"publish","type":"post","link":"https:\/\/radiowebmx.com\/nota\/hoy-conferencia-magistral-de-sara-sefchovich-en-la-capital-michoacana\/","title":{"rendered":"Hoy, conferencia magistral de Sara Sefchovich en la capital michoacana"},"content":{"rendered":"<p><strong>Morelia, Michoac\u00e1n, a 6 de marzo de 2017.- <\/strong>En el marco de la conmemoraci\u00f3n por el D\u00eda Internacional de la Mujer, este lunes llega a la capital michoacana para ofrecer conferencia magistral Sara Sefchovich, quien formar\u00e1 parte del Encuentro Estatal de las Instancias Municipales de la Mujer, que organiza el Gobierno del Estado.<\/p>\n<p>La soci\u00f3loga, historiadora, escritora, catedr\u00e1tica y comentarista, dictar\u00e1 la conferencia \u201cLas esposas de los gobernantes, \u00bfmujeres con poder?\u201d, en la que aborda la participaci\u00f3n y evoluci\u00f3n de las llamadas primeras damas del pa\u00eds a trav\u00e9s de los diversos episodios pol\u00edticos y sociales que se han registrado en la historia de la vida pol\u00edtica de M\u00e9xico.<\/p>\n<p>La tambi\u00e9n autora de la obra Demasiado amor, publicada en 1990 y que la hizo merecedora del Premio \u201cAgust\u00edn Y\u00e1\u00f1ez\u201d, ha se\u00f1alado que su obra busca develar el cambio de la situaci\u00f3n de la mujer en M\u00e9xico en un largo plazo.<\/p>\n<p>\u201cTodo mi trabajo tiene un sentido y un objetivo: entender. Esto lo intento por dos v\u00edas: entender a M\u00e9xico y a los mexicanos en su manera de pensar y de actuar y entender a las mujeres en el lugar social que ocupan y la funci\u00f3n que desempe\u00f1an. A esa b\u00fasqueda he dedicado mi vida, y los resultados de ese empe\u00f1o est\u00e1n en mis libros, art\u00edculos, conferencias y cursos\u201d, ha expresado.<\/p>\n<p>La conferencia, que se llevar\u00e1 a cabo a las 11:00 horas en Casa de Gobierno, es organizado por las secretar\u00eda de Igualdad Sustantiva y Desarrollo de las Mujeres Michoacanas y de Cultura de Michoac\u00e1n; adem\u00e1s, re\u00fane a las y los directores de las Instancias Municipales de la Mujer.<\/p>\n","protected":false},"excerpt":{"rendered":"<p>En el marco de la conmemoraci\u00f3n por el D\u00eda Internacional de la Mujer, este lunes llega a la capital michoacana para ofrecer conferencia magistral Sara Sefchovich, quien formar\u00e1 parte del Encuentro Estatal de las Instancias Municipales de la Mujer, que organiza el Gobierno del Estado. <\/p>\n","protected":false},"author":1,"featured_media":0,"comment_status":"open","ping_status":"open","sticky":false,"template":"","format":"standard","meta":{"footnotes":""},"categories":[3],"tags":[],"class_list":["post-32239","post","type-post","status-publish","format-standard","hentry","category-gobierno-del-estado-de-michoacan"],"_links":{"self":[{"href":"https:\/\/radiowebmx.com\/nota\/wp-json\/wp\/v2\/posts\/32239","targetHints":{"allow":["GET"]}}],"collection":[{"href":"https:\/\/radiowebmx.com\/nota\/wp-json\/wp\/v2\/posts"}],"about":[{"href":"https:\/\/radiowebmx.com\/nota\/wp-json\/wp\/v2\/types\/post"}],"author":[{"embeddable":true,"href":"https:\/\/radiowebmx.com\/nota\/wp-json\/wp\/v2\/users\/1"}],"replies":[{"embeddable":true,"href":"https:\/\/radiowebmx.com\/nota\/wp-json\/wp\/v2\/comments?post=32239"}],"version-history":[{"count":1,"href":"https:\/\/radiowebmx.com\/nota\/wp-json\/wp\/v2\/posts\/32239\/revisions"}],"predecessor-version":[{"id":32240,"href":"https:\/\/radiowebmx.com\/nota\/wp-json\/wp\/v2\/posts\/32239\/revisions\/32240"}],"wp:attachment":[{"href":"https:\/\/radiowebmx.com\/nota\/wp-json\/wp\/v2\/media?parent=32239"}],"wp:term":[{"taxonomy":"category","embeddable":true,"href":"https:\/\/radiowebmx.com\/nota\/wp-json\/wp\/v2\/categories?post=32239"},{"taxonomy":"post_tag","embeddable":true,"href":"https:\/\/radiowebmx.com\/nota\/wp-json\/wp\/v2\/tags?post=32239"}],"curies":[{"name":"wp","href":"https:\/\/api.w.org\/{rel}","templated":true}]}}