{"id":32233,"date":"2017-03-06T13:12:46","date_gmt":"2017-03-06T19:12:46","guid":{"rendered":"https:\/\/radiowebmx.com\/nota\/?p=32233"},"modified":"2017-03-06T13:12:46","modified_gmt":"2017-03-06T19:12:46","slug":"gobierno-municipal-y-estatal-estrechan-lazos-de-comunicacion-en-materia-de-seguridad","status":"publish","type":"post","link":"https:\/\/radiowebmx.com\/nota\/gobierno-municipal-y-estatal-estrechan-lazos-de-comunicacion-en-materia-de-seguridad\/","title":{"rendered":"Gobierno Municipal y Estatal, estrechan lazos de comunicaci\u00f3n en materia de seguridad"},"content":{"rendered":"<p><img loading=\"lazy\" decoding=\"async\" class=\"alignleft size-full wp-image-32234\" src=\"https:\/\/radiowebmx.com\/nota\/wp-content\/uploads\/2017\/03\/1b0e51f6-3311-40a6-aa43-a25e6e664bf6.jpg\" alt=\"1b0e51f6-3311-40a6-aa43-a25e6e664bf6\" width=\"709\" height=\"398\" srcset=\"https:\/\/radiowebmx.com\/nota\/wp-content\/uploads\/2017\/03\/1b0e51f6-3311-40a6-aa43-a25e6e664bf6.jpg 709w, https:\/\/radiowebmx.com\/nota\/wp-content\/uploads\/2017\/03\/1b0e51f6-3311-40a6-aa43-a25e6e664bf6-300x168.jpg 300w, https:\/\/radiowebmx.com\/nota\/wp-content\/uploads\/2017\/03\/1b0e51f6-3311-40a6-aa43-a25e6e664bf6-284x158.jpg 284w, https:\/\/radiowebmx.com\/nota\/wp-content\/uploads\/2017\/03\/1b0e51f6-3311-40a6-aa43-a25e6e664bf6-128x72.jpg 128w\" sizes=\"auto, (max-width: 709px) 100vw, 709px\" \/><\/p>\n<p>&nbsp;<\/p>\n<p>El Presidente Municipal de Morelia, Alfonso Mart\u00ednez Alc\u00e1zar, sostuvo una reuni\u00f3n de trabajo con el Secretario de Seguridad P\u00fablica Estatal, Juan Bernardo Corona Mart\u00ednez, en la cual acordaron estrechar lazos de comunicaci\u00f3n entre ambas instancias de Gobierno, con el firme compromiso de afianzar las acciones de seguridad a favor de los morelianos por la \u00fanica v\u00eda, que son los canales institucionales.<\/p>\n<p>Acompa\u00f1ado tambi\u00e9n por el Comisionado de Seguridad Municipal, Bernardo Le\u00f3n Olea; la Presidenta de la Mesa de Seguridad de Morelia, Bettina Cano y el Presidente de FUCIDIM, Roberto Ram\u00edrez Delgado, el Alcalde indic\u00f3 que estos acercamientos refrendan el compromiso de emprender acciones coordinadas, que hagan frente a las necesidades de la ciudadan\u00eda sin trasladar este importante tema al nivel medi\u00e1tico.<\/p>\n<p>Tanto el Presidente Municipal como el titular de la SSP, coincidieron en que el tema de seguridad no se debe politizar, por el contrario, se\u00f1alaron que existe una plena relaci\u00f3n institucional en aras de ofrecer condiciones de desarrollo y tranquilidad en la capital de Michoac\u00e1n.<\/p>\n<p>El Presidente Municipal, adelant\u00f3 que en el transcurso de la semana se convocar\u00e1 a una nueva reuni\u00f3n para presentar a detalle los avances de seguridad en Morelia y las metas a corto, mediano y largo plazo.<\/p>\n<p>Asimismo, sostuvo que esta pr\u00f3xima reuni\u00f3n permitir\u00e1 tambi\u00e9n ajustar y fortalecer algunos rubros, en el entendido de que es un esfuerzo conjunto que requiere la participaci\u00f3n de los diferentes \u00f3rdenes de Gobierno.<\/p>\n<p>Por ello, Mart\u00ednez Alc\u00e1zar destac\u00f3 la importancia de que todos los involucrados conozcan a detalle las tareas que cada uno desempe\u00f1a, abriendo canales de comunicaci\u00f3n tendientes a retroalimentar las acciones que emprende cada instituci\u00f3n de nivel estatal y municipal.<\/p>\n<p>El Alcalde indic\u00f3 que los acuerdos alcanzados en esta pr\u00f3xima reuni\u00f3n, se dar\u00e1n a conocer de manera conjunta por la Mesa de Seguridad Municipal, en aras de que la ciudadan\u00eda est\u00e9 al tanto de los avances.<\/p>\n<p>Finalmente, Alfonso Mart\u00ednez reiter\u00f3 que el compromiso de la actual Administraci\u00f3n, es constituir una Polic\u00eda Municipal s\u00f3lida que contin\u00fae trabajando en beneficio de los ciudadanos\u00a0 y, sobre todo, que perdure en futuros Gobiernos como una corporaci\u00f3n s\u00f3lida y fuerte que siga resguardando a las familias morelianas.<\/p>\n","protected":false},"excerpt":{"rendered":"<p>El Presidente Municipal de Morelia, Alfonso Mart\u00ednez Alc\u00e1zar, sostuvo una reuni\u00f3n de trabajo con el Secretario de Seguridad P\u00fablica Estatal, Juan Bernardo Corona Mart\u00ednez, en la cual acordaron estrechar lazos de comunicaci\u00f3n entre ambas instancias de Gobierno, con el firme compromiso de afianzar las acciones de seguridad a favor de los morelianos por la \u00fanica v\u00eda, que son los canales institucionales. <\/p>\n","protected":false},"author":1,"featured_media":32234,"comment_status":"open","ping_status":"open","sticky":false,"template":"","format":"standard","meta":{"footnotes":""},"categories":[14,9],"tags":[],"class_list":["post-32233","post","type-post","status-publish","format-standard","has-post-thumbnail","hentry","category-destacadas","category-morelia"],"_links":{"self":[{"href":"https:\/\/radiowebmx.com\/nota\/wp-json\/wp\/v2\/posts\/32233","targetHints":{"allow":["GET"]}}],"collection":[{"href":"https:\/\/radiowebmx.com\/nota\/wp-json\/wp\/v2\/posts"}],"about":[{"href":"https:\/\/radiowebmx.com\/nota\/wp-json\/wp\/v2\/types\/post"}],"author":[{"embeddable":true,"href":"https:\/\/radiowebmx.com\/nota\/wp-json\/wp\/v2\/users\/1"}],"replies":[{"embeddable":true,"href":"https:\/\/radiowebmx.com\/nota\/wp-json\/wp\/v2\/comments?post=32233"}],"version-history":[{"count":1,"href":"https:\/\/radiowebmx.com\/nota\/wp-json\/wp\/v2\/posts\/32233\/revisions"}],"predecessor-version":[{"id":32235,"href":"https:\/\/radiowebmx.com\/nota\/wp-json\/wp\/v2\/posts\/32233\/revisions\/32235"}],"wp:featuredmedia":[{"embeddable":true,"href":"https:\/\/radiowebmx.com\/nota\/wp-json\/wp\/v2\/media\/32234"}],"wp:attachment":[{"href":"https:\/\/radiowebmx.com\/nota\/wp-json\/wp\/v2\/media?parent=32233"}],"wp:term":[{"taxonomy":"category","embeddable":true,"href":"https:\/\/radiowebmx.com\/nota\/wp-json\/wp\/v2\/categories?post=32233"},{"taxonomy":"post_tag","embeddable":true,"href":"https:\/\/radiowebmx.com\/nota\/wp-json\/wp\/v2\/tags?post=32233"}],"curies":[{"name":"wp","href":"https:\/\/api.w.org\/{rel}","templated":true}]}}