{"id":32230,"date":"2017-03-06T13:09:36","date_gmt":"2017-03-06T19:09:36","guid":{"rendered":"https:\/\/radiowebmx.com\/nota\/?p=32230"},"modified":"2017-03-06T13:09:36","modified_gmt":"2017-03-06T19:09:36","slug":"empresarios-se-llevan-excelente-sabor-de-boca-de-morelia","status":"publish","type":"post","link":"https:\/\/radiowebmx.com\/nota\/empresarios-se-llevan-excelente-sabor-de-boca-de-morelia\/","title":{"rendered":"Empresarios se llevan excelente \u201csabor de boca\u201d de Morelia"},"content":{"rendered":"<p><img loading=\"lazy\" decoding=\"async\" class=\"alignleft size-full wp-image-32231\" src=\"https:\/\/radiowebmx.com\/nota\/wp-content\/uploads\/2017\/03\/0b672f0c-5038-4748-81d3-b14bbf4ea8a3.jpg\" alt=\"0b672f0c-5038-4748-81d3-b14bbf4ea8a3\" width=\"709\" height=\"472\" srcset=\"https:\/\/radiowebmx.com\/nota\/wp-content\/uploads\/2017\/03\/0b672f0c-5038-4748-81d3-b14bbf4ea8a3.jpg 709w, https:\/\/radiowebmx.com\/nota\/wp-content\/uploads\/2017\/03\/0b672f0c-5038-4748-81d3-b14bbf4ea8a3-300x200.jpg 300w\" sizes=\"auto, (max-width: 709px) 100vw, 709px\" \/><\/p>\n<p>&nbsp;<\/p>\n<p>Convencidos de que la capital michoacana representa una excelente \u00e1rea de oportunidad para inversi\u00f3n, fue como dejaron la ciudad este domingo los empresarios miembros del Club de Industriales de M\u00e9xico, tras sostener fruct\u00edferas reuniones con el Presidente Municipal de Morelia, Alfonso Mart\u00ednez Alc\u00e1zar y la Secretaria de Desarrollo Econ\u00f3mico y Emprendedor, Ireri Rivera Garc\u00eda.<\/p>\n<p>Al respecto, el Alcalde se mostr\u00f3 complacido con los resultados de esta reuni\u00f3n ya que los visitantes de la capital del pa\u00eds se mostraron sorprendidos por los avances en materia de seguridad y desarrollo de Morelia, la cual vieron como una firme opci\u00f3n de inversi\u00f3n.<\/p>\n<p>Record\u00f3 que los empresarios que visitaron el municipio a lo largo del s\u00e1bado y domingo pertenecen a diversos giros comerciales desde construcci\u00f3n, arquitectura, publicidad e incluso transportistas de l\u00edneas del metro de la Ciudad de M\u00e9xico.<\/p>\n<p>Adem\u00e1s de la reuni\u00f3n con el Jefe de la Comuna Moreliana, donde tuvo la oportunidad de exponer a los empresarios las fortalezas econ\u00f3micas, geogr\u00e1ficas y de desarrollo de la ciudad, y la mesa de trabajo con la Secretaria de Desarrollo Econ\u00f3mico y Emprendedor, Ireri Rivera Garc\u00eda, los visitantes pudieron apreciar durante la noche del s\u00e1bado el encendido de la Catedral, y la plet\u00f3rica arquitectura del Primer Cuadro de la Ciudad.<\/p>\n<p>Los temas tratados durante los encuentros tendr\u00e1n una continuidad, con el apoyo de Rivera Garc\u00eda, buscando establecer \u00e1reas de inversi\u00f3n para la generaci\u00f3n de m\u00e1s y mejores empleos en Morelia.<\/p>\n","protected":false},"excerpt":{"rendered":"<p>Convencidos de que la capital michoacana representa una excelente \u00e1rea de oportunidad para inversi\u00f3n, fue como dejaron la ciudad este domingo los empresarios miembros del Club de Industriales de M\u00e9xico, tras sostener fruct\u00edferas reuniones con el Presidente Municipal de Morelia, Alfonso Mart\u00ednez Alc\u00e1zar y la Secretaria de Desarrollo Econ\u00f3mico y Emprendedor, Ireri Rivera Garc\u00eda.<\/p>\n","protected":false},"author":1,"featured_media":32231,"comment_status":"open","ping_status":"open","sticky":false,"template":"","format":"standard","meta":{"footnotes":""},"categories":[14,9],"tags":[],"class_list":["post-32230","post","type-post","status-publish","format-standard","has-post-thumbnail","hentry","category-destacadas","category-morelia"],"_links":{"self":[{"href":"https:\/\/radiowebmx.com\/nota\/wp-json\/wp\/v2\/posts\/32230","targetHints":{"allow":["GET"]}}],"collection":[{"href":"https:\/\/radiowebmx.com\/nota\/wp-json\/wp\/v2\/posts"}],"about":[{"href":"https:\/\/radiowebmx.com\/nota\/wp-json\/wp\/v2\/types\/post"}],"author":[{"embeddable":true,"href":"https:\/\/radiowebmx.com\/nota\/wp-json\/wp\/v2\/users\/1"}],"replies":[{"embeddable":true,"href":"https:\/\/radiowebmx.com\/nota\/wp-json\/wp\/v2\/comments?post=32230"}],"version-history":[{"count":1,"href":"https:\/\/radiowebmx.com\/nota\/wp-json\/wp\/v2\/posts\/32230\/revisions"}],"predecessor-version":[{"id":32232,"href":"https:\/\/radiowebmx.com\/nota\/wp-json\/wp\/v2\/posts\/32230\/revisions\/32232"}],"wp:featuredmedia":[{"embeddable":true,"href":"https:\/\/radiowebmx.com\/nota\/wp-json\/wp\/v2\/media\/32231"}],"wp:attachment":[{"href":"https:\/\/radiowebmx.com\/nota\/wp-json\/wp\/v2\/media?parent=32230"}],"wp:term":[{"taxonomy":"category","embeddable":true,"href":"https:\/\/radiowebmx.com\/nota\/wp-json\/wp\/v2\/categories?post=32230"},{"taxonomy":"post_tag","embeddable":true,"href":"https:\/\/radiowebmx.com\/nota\/wp-json\/wp\/v2\/tags?post=32230"}],"curies":[{"name":"wp","href":"https:\/\/api.w.org\/{rel}","templated":true}]}}