{"id":32227,"date":"2017-03-06T13:07:37","date_gmt":"2017-03-06T19:07:37","guid":{"rendered":"https:\/\/radiowebmx.com\/nota\/?p=32227"},"modified":"2017-03-06T13:07:37","modified_gmt":"2017-03-06T19:07:37","slug":"exitoso-el-primer-acuatlon-promocional","status":"publish","type":"post","link":"https:\/\/radiowebmx.com\/nota\/exitoso-el-primer-acuatlon-promocional\/","title":{"rendered":"Exitoso el Primer Acuatl\u00f3n Promocional"},"content":{"rendered":"<table class=\"x_mcnTextBlock\" border=\"0\" width=\"100%\" cellspacing=\"0\" cellpadding=\"0\">\n<tbody class=\"x_mcnTextBlockOuter\">\n<tr>\n<td class=\"x_mcnTextBlockInner\" valign=\"top\">\n<table class=\"x_mcnTextContentContainer\" border=\"0\" width=\"100%\" cellspacing=\"0\" cellpadding=\"0\" align=\"left\">\n<tbody>\n<tr>\n<td class=\"x_mcnTextContent\" valign=\"top\">\n<div><img loading=\"lazy\" decoding=\"async\" class=\"alignleft size-full wp-image-32228\" src=\"https:\/\/radiowebmx.com\/nota\/wp-content\/uploads\/2017\/03\/35864633-3f3c-49c5-a3d4-a296329ba485.jpg\" alt=\"35864633-3f3c-49c5-a3d4-a296329ba485\" width=\"709\" height=\"525\" srcset=\"https:\/\/radiowebmx.com\/nota\/wp-content\/uploads\/2017\/03\/35864633-3f3c-49c5-a3d4-a296329ba485.jpg 709w, https:\/\/radiowebmx.com\/nota\/wp-content\/uploads\/2017\/03\/35864633-3f3c-49c5-a3d4-a296329ba485-300x222.jpg 300w\" sizes=\"auto, (max-width: 709px) 100vw, 709px\" \/><\/div>\n<div><\/div>\n<div>Emerson Ferrel y Paola Ram\u00edrez, se alzaron como los ganadores absolutos de la primera edici\u00f3n del Acuatl\u00f3n Promocional, organizado por Activa Sport en colaboraci\u00f3n con el Ayuntamiento de Morelia, el cual tuvo como escenario las instalaciones de la\u00a0 Unidad Deportiva Morelos Indeco, con la participaci\u00f3n de alrededor de 100 atletas.<\/p>\n<p>Como una de las acciones por parte de la Administraci\u00f3n encabezada por el Presidente Municipal, Alfonso Mart\u00ednez Alc\u00e1zar, por promover diversas disciplinas, se respald\u00f3 esta competencia a trav\u00e9s del Instituto Municipal de Cultura F\u00edsica y Deporte (IMDE), dirigido por Francisco Ch\u00e1vez Ibarra, el cual adem\u00e1s sirvi\u00f3 como fogueo para los triatletas del estado de cara al selectivo de la especialidad.<\/p>\n<p>El objetivo principal de la competencia fue el de dar impulso a esta modalidad, la cual aglutina dos de las actividades m\u00e1s populares entre la ciudadan\u00eda, como lo es la nataci\u00f3n y correr.<\/p>\n<p>Durante la competencia, el Director General del IMDE, Francisco Ch\u00e1vez Ibarra, se mostr\u00f3 satisfecho por la respuesta lograda y reafirm\u00f3 la posici\u00f3n de seguir en b\u00fasqueda de mayor diversificaci\u00f3n en el deporte de la ciudad.<\/p>\n<p>\u201cEs una gran respuesta la que tuvimos, con atletas de diferentes lugares en esta actividad que combina dos ejercicios tan populares. Nuestra intenci\u00f3n es seguir lo establecido por nuestro Alcalde, Alfonso Mart\u00ednez Alc\u00e1zar, para diversificar el deporte\u00a0 por medio de eventos\u201d, asegur\u00f3 el titular del IMDE, Francisco Ch\u00e1vez Ibarra.<\/p>\n<p>En el Primer Acuatl\u00f3n Promocional participaron cerca de 100 deportistas, provenientes de los municipios de L\u00e1zaro C\u00e1rdenas, Zamora, Uruapan y Morelia, en representaci\u00f3n de clubes como el IMSS, CECUFID, Seven Days, Deportivo Chapultepec y Antorcha Campesina.<\/p>\n<p>Emerson Ferrel se coloc\u00f3 como el competidor m\u00e1s r\u00e1pido del evento, al ubicarse como el l\u00edder en la categor\u00eda Libre, y dejar atr\u00e1s a Dar\u00edo Fern\u00e1ndez y Erick Herrej\u00f3n.<\/p>\n<p>En el caso de la rama femenil Paola Ram\u00edrez termin\u00f3 en el primer puesto, mientras que Dulce Silva y Brenda Garc\u00eda completaron la tercia de ganadores.<\/p>\n<p>La justa incluy\u00f3 las categor\u00edas Infantiles, Juveniles, Libre, M\u00e1ster y Veteranos, y de acuerdo a estas, era el circuito a recorrer, por lo cual el de mayor exigencia estuvo compuesto por mil 250 metros de carrera, en la trotapista de la unidad, para despu\u00e9s nadar 400 metros y salir a otro tramo para correr, tambi\u00e9n de mil 250 metros.<\/p>\n<p>La premiaci\u00f3n consisti\u00f3 en medallas de participaci\u00f3n en las divisiones menores, mientras que en las de alta competencia se entregaron trofeos a los primeros lugares.<\/p>\n<p><strong>Resultados<\/strong><\/p>\n<p><strong>Categor\u00eda Libre Varonil<\/strong><br \/>\n1.- Emerson Ferrel<br \/>\n2.- Dar\u00edo Fern\u00e1ndez<br \/>\n3.- Erick Herrej\u00f3n<\/p>\n<p><strong>Categor\u00eda Libre Femenil<\/strong><br \/>\n1.- Paola Ram\u00edrez<br \/>\n2.- Dulce Silva<br \/>\n3.- Brenda Garc\u00eda<\/p>\n<p><strong>11-12 a\u00f1os Femenil<\/strong><br \/>\n1.- X\u00f3chitl Pel\u00e1ez\u00a0\u00a0\u00a0\u00a0\u00a0\u00a0\u00a0\u00a0\u00a0\u00a0\u00a0\u00a0\u00a0\u00a0\u00a0 IMSS<br \/>\n2.- Valeria Reyes\u00a0\u00a0\u00a0\u00a0\u00a0\u00a0\u00a0\u00a0\u00a0\u00a0\u00a0\u00a0\u00a0\u00a0\u00a0 IMSS<br \/>\n3.- Valeria P\u00e9rez\u00a0\u00a0\u00a0\u00a0\u00a0\u00a0\u00a0\u00a0\u00a0\u00a0\u00a0\u00a0\u00a0\u00a0\u00a0\u00a0 Ranas IMDE<\/p>\n<p><strong>13-15 a\u00f1os Varonil<\/strong><br \/>\n1.- Antonio Ayala<br \/>\n2.- Jaime Vargas<br \/>\n3.- Diego Guti\u00e9rrez<\/p>\n<p><strong>13-15 a\u00f1os Femenil<\/strong><br \/>\n1.- Andrea Alcaraz<br \/>\n2.- Diana M\u00e9ndez<br \/>\n3.- Thania Bautista<\/p>\n<p><strong>16-19 a\u00f1os Varonil<\/strong><br \/>\n1.- Andr\u00e9s Capiz<br \/>\n2.- Jarel Ch\u00e1vez<br \/>\n3.- Diego Camacho<\/p>\n<p><strong>16-19 a\u00f1os Femenil<\/strong><br \/>\n1.- Denisse Hurtado<br \/>\n2.- Ana L\u00f3pez<br \/>\n3.- Andrea Mora<\/div>\n<\/td>\n<\/tr>\n<\/tbody>\n<\/table>\n<\/td>\n<\/tr>\n<\/tbody>\n<\/table>\n<table class=\"x_mcnTextBlock\" border=\"0\" width=\"100%\" cellspacing=\"0\" cellpadding=\"0\">\n<tbody class=\"x_mcnTextBlockOuter\">\n<tr>\n<td class=\"x_mcnTextBlockInner\" valign=\"top\"><\/td>\n<\/tr>\n<\/tbody>\n<\/table>\n","protected":false},"excerpt":{"rendered":"<p>Emerson Ferrel y Paola Ram\u00edrez, se alzaron como los ganadores absolutos de la primera edici\u00f3n del Acuatl\u00f3n Promocional, organizado por Activa Sport en colaboraci\u00f3n con el Ayuntamiento de Morelia, el cual tuvo como escenario las instalaciones de la  Unidad Deportiva Morelos Indeco, con la participaci\u00f3n de alrededor de 100 atletas.<\/p>\n","protected":false},"author":1,"featured_media":32228,"comment_status":"open","ping_status":"open","sticky":false,"template":"","format":"standard","meta":{"footnotes":""},"categories":[14,3],"tags":[],"class_list":["post-32227","post","type-post","status-publish","format-standard","has-post-thumbnail","hentry","category-destacadas","category-gobierno-del-estado-de-michoacan"],"_links":{"self":[{"href":"https:\/\/radiowebmx.com\/nota\/wp-json\/wp\/v2\/posts\/32227","targetHints":{"allow":["GET"]}}],"collection":[{"href":"https:\/\/radiowebmx.com\/nota\/wp-json\/wp\/v2\/posts"}],"about":[{"href":"https:\/\/radiowebmx.com\/nota\/wp-json\/wp\/v2\/types\/post"}],"author":[{"embeddable":true,"href":"https:\/\/radiowebmx.com\/nota\/wp-json\/wp\/v2\/users\/1"}],"replies":[{"embeddable":true,"href":"https:\/\/radiowebmx.com\/nota\/wp-json\/wp\/v2\/comments?post=32227"}],"version-history":[{"count":1,"href":"https:\/\/radiowebmx.com\/nota\/wp-json\/wp\/v2\/posts\/32227\/revisions"}],"predecessor-version":[{"id":32229,"href":"https:\/\/radiowebmx.com\/nota\/wp-json\/wp\/v2\/posts\/32227\/revisions\/32229"}],"wp:featuredmedia":[{"embeddable":true,"href":"https:\/\/radiowebmx.com\/nota\/wp-json\/wp\/v2\/media\/32228"}],"wp:attachment":[{"href":"https:\/\/radiowebmx.com\/nota\/wp-json\/wp\/v2\/media?parent=32227"}],"wp:term":[{"taxonomy":"category","embeddable":true,"href":"https:\/\/radiowebmx.com\/nota\/wp-json\/wp\/v2\/categories?post=32227"},{"taxonomy":"post_tag","embeddable":true,"href":"https:\/\/radiowebmx.com\/nota\/wp-json\/wp\/v2\/tags?post=32227"}],"curies":[{"name":"wp","href":"https:\/\/api.w.org\/{rel}","templated":true}]}}