{"id":32224,"date":"2017-03-05T16:02:26","date_gmt":"2017-03-05T22:02:26","guid":{"rendered":"https:\/\/radiowebmx.com\/nota\/?p=32224"},"modified":"2017-03-06T13:04:04","modified_gmt":"2017-03-06T19:04:04","slug":"labor-de-gestion-y-en-conjunto-con-sociedad-para-enfrentar-retos-del-icatmi","status":"publish","type":"post","link":"https:\/\/radiowebmx.com\/nota\/labor-de-gestion-y-en-conjunto-con-sociedad-para-enfrentar-retos-del-icatmi\/","title":{"rendered":"Labor de gesti\u00f3n y en conjunto con sociedad, para enfrentar retos del Icatmi"},"content":{"rendered":"<p><img loading=\"lazy\" decoding=\"async\" class=\"alignleft size-full wp-image-32225\" src=\"https:\/\/radiowebmx.com\/nota\/wp-content\/uploads\/2017\/03\/fbc6da16-bdd8-4c57-91d0-8c709f3cc05f.jpg\" alt=\"fbc6da16-bdd8-4c57-91d0-8c709f3cc05f\" width=\"709\" height=\"531\" srcset=\"https:\/\/radiowebmx.com\/nota\/wp-content\/uploads\/2017\/03\/fbc6da16-bdd8-4c57-91d0-8c709f3cc05f.jpg 709w, https:\/\/radiowebmx.com\/nota\/wp-content\/uploads\/2017\/03\/fbc6da16-bdd8-4c57-91d0-8c709f3cc05f-300x225.jpg 300w\" sizes=\"auto, (max-width: 709px) 100vw, 709px\" \/><\/p>\n<p>&nbsp;<\/p>\n<p><strong>San Lucas, Michoac\u00e1n, a 5 de marzo de 2017.- <\/strong>Con la visita al Plantel San Lucas, el director general del Instituto de Capacitaci\u00f3n para el Trabajo del Estado de Michoac\u00e1n, Israel Tentory Garc\u00eda, cumpli\u00f3 su recorrido por los 21 planteles con que cuenta el Icatmi para conocer de manera directa las necesidades y logros de cada centro.<\/p>\n<p>Tentory Garc\u00eda refiri\u00f3 que ante las dificultades econ\u00f3micas que enfrenta el estado, se tiene la instrucci\u00f3n del Gobernador Silvano Aureoles Conejo de trabajar con creatividad e incrementar la labor de gesti\u00f3n, por lo que hizo un llamado a los directores del plantel y jefes de \u00e1rea a convertirse en gestores y trabajar de la mano de la sociedad para lograr los objetivos de esta dependencia.<\/p>\n<p>Inform\u00f3 que se ha realizado un an\u00e1lisis para conocer las fortalezas, oportunidades, debilidades y amenazas del Instituto, a fin de hacer frente a los retos con mayor eficacia.<\/p>\n<p>&#8220;Se trabaja con un deseo genuino de hacer las cosas bien, con determinaci\u00f3n; hemos fijado un rumbo para el Icatmi y todo se har\u00e1 con disciplina&#8221;, apunt\u00f3 Israel Tentory.<\/p>\n<p>El titular del Icatmi afirm\u00f3 que dar\u00e1 seguimiento a las peticiones de las y los trabajadores del Instituto, con quienes se ha reunido constantemente.<\/p>\n<p>Aqu\u00ed en San Lucas, record\u00f3 el compromiso con los pobladores de esta zona, en especial con los de la comunidad de Chihuero, municipio de Huetamo a quienes brindar\u00e1n capacitaci\u00f3n en materia de Cooperativismo, Atenci\u00f3n al Cliente, Turismo y Panader\u00eda, para prepararles ante la pr\u00f3xima inauguraci\u00f3n de la Presa que les permitir\u00e1 iniciar una nueva etapa en sus vidas.<\/p>\n<p>El Plantel San Lucas cuenta con una acci\u00f3n m\u00f3vil en Huetamo y dos acciones extramuros, una en Tiquicheo y otra en Riva Palacio. Asimismo imparte las especialidades de Mec\u00e1nica automotriz, Electr\u00f3nica automotriz, Inform\u00e1tica, Corte y confecci\u00f3n industrial de ropa, y atiende a m\u00e1s de mil 700 capacitandos.<\/p>\n","protected":false},"excerpt":{"rendered":"<p>Con la visita al Plantel San Lucas, el director general del Instituto de Capacitaci\u00f3n para el Trabajo del Estado de Michoac\u00e1n, Israel Tentory Garc\u00eda, cumpli\u00f3 su recorrido por los 21 planteles con que cuenta el Icatmi para conocer de manera directa las necesidades y logros de cada centro.<\/p>\n","protected":false},"author":1,"featured_media":32225,"comment_status":"open","ping_status":"open","sticky":false,"template":"","format":"standard","meta":{"footnotes":""},"categories":[14,3],"tags":[],"class_list":["post-32224","post","type-post","status-publish","format-standard","has-post-thumbnail","hentry","category-destacadas","category-gobierno-del-estado-de-michoacan"],"_links":{"self":[{"href":"https:\/\/radiowebmx.com\/nota\/wp-json\/wp\/v2\/posts\/32224","targetHints":{"allow":["GET"]}}],"collection":[{"href":"https:\/\/radiowebmx.com\/nota\/wp-json\/wp\/v2\/posts"}],"about":[{"href":"https:\/\/radiowebmx.com\/nota\/wp-json\/wp\/v2\/types\/post"}],"author":[{"embeddable":true,"href":"https:\/\/radiowebmx.com\/nota\/wp-json\/wp\/v2\/users\/1"}],"replies":[{"embeddable":true,"href":"https:\/\/radiowebmx.com\/nota\/wp-json\/wp\/v2\/comments?post=32224"}],"version-history":[{"count":1,"href":"https:\/\/radiowebmx.com\/nota\/wp-json\/wp\/v2\/posts\/32224\/revisions"}],"predecessor-version":[{"id":32226,"href":"https:\/\/radiowebmx.com\/nota\/wp-json\/wp\/v2\/posts\/32224\/revisions\/32226"}],"wp:featuredmedia":[{"embeddable":true,"href":"https:\/\/radiowebmx.com\/nota\/wp-json\/wp\/v2\/media\/32225"}],"wp:attachment":[{"href":"https:\/\/radiowebmx.com\/nota\/wp-json\/wp\/v2\/media?parent=32224"}],"wp:term":[{"taxonomy":"category","embeddable":true,"href":"https:\/\/radiowebmx.com\/nota\/wp-json\/wp\/v2\/categories?post=32224"},{"taxonomy":"post_tag","embeddable":true,"href":"https:\/\/radiowebmx.com\/nota\/wp-json\/wp\/v2\/tags?post=32224"}],"curies":[{"name":"wp","href":"https:\/\/api.w.org\/{rel}","templated":true}]}}