{"id":32215,"date":"2017-03-05T13:51:13","date_gmt":"2017-03-05T19:51:13","guid":{"rendered":"https:\/\/radiowebmx.com\/nota\/?p=32215"},"modified":"2017-03-06T12:54:11","modified_gmt":"2017-03-06T18:54:11","slug":"fortalece-cobaem-infraestructura-educativa-en-uruapan-y-capacuaro","status":"publish","type":"post","link":"https:\/\/radiowebmx.com\/nota\/fortalece-cobaem-infraestructura-educativa-en-uruapan-y-capacuaro\/","title":{"rendered":"Fortalece Cobaem infraestructura educativa en Uruapan y Cap\u00e1cuaro"},"content":{"rendered":"<p><img loading=\"lazy\" decoding=\"async\" class=\"alignleft size-full wp-image-32216\" src=\"https:\/\/radiowebmx.com\/nota\/wp-content\/uploads\/2017\/03\/ca7c17aa-f582-4ca7-b849-a3199f717694.jpg\" alt=\"ca7c17aa-f582-4ca7-b849-a3199f717694\" width=\"709\" height=\"472\" srcset=\"https:\/\/radiowebmx.com\/nota\/wp-content\/uploads\/2017\/03\/ca7c17aa-f582-4ca7-b849-a3199f717694.jpg 709w, https:\/\/radiowebmx.com\/nota\/wp-content\/uploads\/2017\/03\/ca7c17aa-f582-4ca7-b849-a3199f717694-300x200.jpg 300w\" sizes=\"auto, (max-width: 709px) 100vw, 709px\" \/><\/p>\n<p>&nbsp;<\/p>\n<p><strong>Morelia, Michoac\u00e1n, a 5 de marzo de 2017.-<\/strong>\u00a0En atenci\u00f3n a las instrucciones del Gobernador Silvano Aureoles Conejo de brindarles a las y los j\u00f3venes una educaci\u00f3n de calidad, el Colegio de Bachilleres del Estado de Michoac\u00e1n (Cobaem) busca alternativas para dignificar la infraestructura de todos sus planteles, que brindan servicio a 50 mil estudiantes.<\/p>\n<p>Por ello, el director general del subsistema, Alejandro Bustos Aguilar, inaugur\u00f3 distintas obras en los planteles del municipio de Uruapan y su extensi\u00f3n de Cap\u00e1cuaro, en beneficio de m\u00e1s de mil 500 alumnas y estudiantes de la regi\u00f3n.<\/p>\n<p>Las obras corresponden a la fachada de la extensi\u00f3n de Cap\u00e1cuaro, y en Uruapan un aula, una sala de asesor\u00edas, un m\u00f3dulo de ba\u00f1os, vitropiso en dos aulas, la rehabilitaci\u00f3n de la cancha con mayores dimensiones y aros nuevos, nuevo piso en la biblioteca, l\u00e1mparas y contactos. Adem\u00e1s, pr\u00f3ximamente ser\u00e1 inaugurada la techumbre de la tienda escolar.<\/p>\n<p>Bustos Aguilar enfatiz\u00f3 que se trata de acciones encaminadas a mejorar el desarrollo de habilidades y competencias de las y los j\u00f3venes bachilleres para disminuir el rezago educativo y el abandono escolar y as\u00ed mejorar los indicadores acad\u00e9micos.<\/p>\n<p>Reconoci\u00f3 el esfuerzo de todos los que colaboraron para estas obras, y resalt\u00f3: \u201csi todos aportamos un granito de arena, lograremos grandes avances para nuestro subsistema educativo\u201d.<\/p>\n","protected":false},"excerpt":{"rendered":"<p>En atenci\u00f3n a las instrucciones del Gobernador Silvano Aureoles Conejo de brindarles a las y los j\u00f3venes una educaci\u00f3n de calidad, el Colegio de Bachilleres del Estado de Michoac\u00e1n (Cobaem) busca alternativas para dignificar la infraestructura de todos sus planteles, que brindan servicio a 50 mil estudiantes.<\/p>\n","protected":false},"author":1,"featured_media":32216,"comment_status":"open","ping_status":"open","sticky":false,"template":"","format":"standard","meta":{"footnotes":""},"categories":[14,3],"tags":[],"class_list":["post-32215","post","type-post","status-publish","format-standard","has-post-thumbnail","hentry","category-destacadas","category-gobierno-del-estado-de-michoacan"],"_links":{"self":[{"href":"https:\/\/radiowebmx.com\/nota\/wp-json\/wp\/v2\/posts\/32215","targetHints":{"allow":["GET"]}}],"collection":[{"href":"https:\/\/radiowebmx.com\/nota\/wp-json\/wp\/v2\/posts"}],"about":[{"href":"https:\/\/radiowebmx.com\/nota\/wp-json\/wp\/v2\/types\/post"}],"author":[{"embeddable":true,"href":"https:\/\/radiowebmx.com\/nota\/wp-json\/wp\/v2\/users\/1"}],"replies":[{"embeddable":true,"href":"https:\/\/radiowebmx.com\/nota\/wp-json\/wp\/v2\/comments?post=32215"}],"version-history":[{"count":1,"href":"https:\/\/radiowebmx.com\/nota\/wp-json\/wp\/v2\/posts\/32215\/revisions"}],"predecessor-version":[{"id":32217,"href":"https:\/\/radiowebmx.com\/nota\/wp-json\/wp\/v2\/posts\/32215\/revisions\/32217"}],"wp:featuredmedia":[{"embeddable":true,"href":"https:\/\/radiowebmx.com\/nota\/wp-json\/wp\/v2\/media\/32216"}],"wp:attachment":[{"href":"https:\/\/radiowebmx.com\/nota\/wp-json\/wp\/v2\/media?parent=32215"}],"wp:term":[{"taxonomy":"category","embeddable":true,"href":"https:\/\/radiowebmx.com\/nota\/wp-json\/wp\/v2\/categories?post=32215"},{"taxonomy":"post_tag","embeddable":true,"href":"https:\/\/radiowebmx.com\/nota\/wp-json\/wp\/v2\/tags?post=32215"}],"curies":[{"name":"wp","href":"https:\/\/api.w.org\/{rel}","templated":true}]}}