{"id":32212,"date":"2017-03-05T13:48:17","date_gmt":"2017-03-05T19:48:17","guid":{"rendered":"https:\/\/radiowebmx.com\/nota\/?p=32212"},"modified":"2017-03-06T12:51:03","modified_gmt":"2017-03-06T18:51:03","slug":"alistan-plan-de-accion-para-la-zee-de-lazaro-cardenas","status":"publish","type":"post","link":"https:\/\/radiowebmx.com\/nota\/alistan-plan-de-accion-para-la-zee-de-lazaro-cardenas\/","title":{"rendered":"Alistan Plan de Acci\u00f3n para la ZEE de L\u00e1zaro C\u00e1rdenas"},"content":{"rendered":"<p><img loading=\"lazy\" decoding=\"async\" class=\"alignleft size-full wp-image-32213\" src=\"https:\/\/radiowebmx.com\/nota\/wp-content\/uploads\/2017\/03\/a43e9443-c31d-4b1a-b705-33e74b0f7b3c.jpg\" alt=\"a43e9443-c31d-4b1a-b705-33e74b0f7b3c\" width=\"709\" height=\"398\" srcset=\"https:\/\/radiowebmx.com\/nota\/wp-content\/uploads\/2017\/03\/a43e9443-c31d-4b1a-b705-33e74b0f7b3c.jpg 709w, https:\/\/radiowebmx.com\/nota\/wp-content\/uploads\/2017\/03\/a43e9443-c31d-4b1a-b705-33e74b0f7b3c-300x168.jpg 300w, https:\/\/radiowebmx.com\/nota\/wp-content\/uploads\/2017\/03\/a43e9443-c31d-4b1a-b705-33e74b0f7b3c-284x158.jpg 284w, https:\/\/radiowebmx.com\/nota\/wp-content\/uploads\/2017\/03\/a43e9443-c31d-4b1a-b705-33e74b0f7b3c-128x72.jpg 128w\" sizes=\"auto, (max-width: 709px) 100vw, 709px\" \/><\/p>\n<p>&nbsp;<\/p>\n<p><strong>Morelia, Michoac\u00e1n, a 5 de marzo de 2017.-\u00a0<\/strong>El programa Ciudades Emergentes y Sostenibles (CES) permitir\u00e1 obtener un diagn\u00f3stico para definir el Plan de Acci\u00f3n que ser\u00e1 parte del programa de Desarrollo de la Zona de Influencia de la Zona Econ\u00f3mica Especial (ZEE) de L\u00e1zaro C\u00e1rdenas, destac\u00f3 la directora general de la Comisi\u00f3n para el Desarrollo Sostenible de la Costa Michoacana (Codecom), Patricia Flores Anguiano.<\/p>\n<p>Inform\u00f3 que durante las primeras reuniones del CES se han recolectado datos que ya han sido sistematizados en cada uno de los indicadores de desarrollo a trav\u00e9s de un m\u00e9todo de semaforizaci\u00f3n para identificar cu\u00e1les son los aspectos a los que se les debe dar prioridad para su fortalecimiento.<\/p>\n<p>Explic\u00f3 que uno de los 12 pasos que la Ley General de Zonas Econ\u00f3micas Especiales se\u00f1ala es justamente establecer el programa de Desarrollo de la Zona de Influencia, el cual debe estar listo este mismo a\u00f1o, con una visi\u00f3n colectiva y participativa de los diferentes actores y sectores p\u00fablicos y privados de L\u00e1zaro C\u00e1rdenas para desarrollar la ciudad que requiere el puerto y la ZEE, \u201cpero sobre todo, que necesitan las personas y sus familias para vivir en armon\u00eda, sana convivencia y pleno desarrollo\u201d.<\/p>\n<p>\u201cLas inversiones por s\u00ed solas no generan valor, y el desarrollo econ\u00f3mico es el instrumento para lograr el objetivo del pleno desarrollo de las personas, y \u00e9ste es el sello del Gobierno que encabeza Silvano Aureoles Conejo, quien nos ha instruido para que pongamos en el centro el mejoramiento de las condiciones de vida de la poblaci\u00f3n\u201d, indic\u00f3 la titular de la Codecom.<\/p>\n<p>En este tenor, subray\u00f3 que la instalaci\u00f3n de la ZEE de L\u00e1zaro C\u00e1rdenas \u201ces la oportunidad para el desarrollo arm\u00f3nico entre la ciudad y la industria, entre lo econ\u00f3mico, lo social y lo ambiental\u201d.<\/p>\n","protected":false},"excerpt":{"rendered":"<p>El programa Ciudades Emergentes y Sostenibles (CES) permitir\u00e1 obtener un diagn\u00f3stico para definir el Plan de Acci\u00f3n que ser\u00e1 parte del programa de Desarrollo de la Zona de Influencia de la Zona Econ\u00f3mica Especial (ZEE) de L\u00e1zaro C\u00e1rdenas, destac\u00f3 la directora general de la Comisi\u00f3n para el Desarrollo Sostenible de la Costa Michoacana (Codecom), Patricia Flores Anguiano.<\/p>\n","protected":false},"author":1,"featured_media":32213,"comment_status":"open","ping_status":"open","sticky":false,"template":"","format":"standard","meta":{"footnotes":""},"categories":[14,3],"tags":[],"class_list":["post-32212","post","type-post","status-publish","format-standard","has-post-thumbnail","hentry","category-destacadas","category-gobierno-del-estado-de-michoacan"],"_links":{"self":[{"href":"https:\/\/radiowebmx.com\/nota\/wp-json\/wp\/v2\/posts\/32212","targetHints":{"allow":["GET"]}}],"collection":[{"href":"https:\/\/radiowebmx.com\/nota\/wp-json\/wp\/v2\/posts"}],"about":[{"href":"https:\/\/radiowebmx.com\/nota\/wp-json\/wp\/v2\/types\/post"}],"author":[{"embeddable":true,"href":"https:\/\/radiowebmx.com\/nota\/wp-json\/wp\/v2\/users\/1"}],"replies":[{"embeddable":true,"href":"https:\/\/radiowebmx.com\/nota\/wp-json\/wp\/v2\/comments?post=32212"}],"version-history":[{"count":1,"href":"https:\/\/radiowebmx.com\/nota\/wp-json\/wp\/v2\/posts\/32212\/revisions"}],"predecessor-version":[{"id":32214,"href":"https:\/\/radiowebmx.com\/nota\/wp-json\/wp\/v2\/posts\/32212\/revisions\/32214"}],"wp:featuredmedia":[{"embeddable":true,"href":"https:\/\/radiowebmx.com\/nota\/wp-json\/wp\/v2\/media\/32213"}],"wp:attachment":[{"href":"https:\/\/radiowebmx.com\/nota\/wp-json\/wp\/v2\/media?parent=32212"}],"wp:term":[{"taxonomy":"category","embeddable":true,"href":"https:\/\/radiowebmx.com\/nota\/wp-json\/wp\/v2\/categories?post=32212"},{"taxonomy":"post_tag","embeddable":true,"href":"https:\/\/radiowebmx.com\/nota\/wp-json\/wp\/v2\/tags?post=32212"}],"curies":[{"name":"wp","href":"https:\/\/api.w.org\/{rel}","templated":true}]}}