{"id":32200,"date":"2017-03-05T12:23:01","date_gmt":"2017-03-05T18:23:01","guid":{"rendered":"https:\/\/radiowebmx.com\/nota\/?p=32200"},"modified":"2017-03-06T12:25:09","modified_gmt":"2017-03-06T18:25:09","slug":"instituto-de-la-mujer-moreliana-refuerza-acciones-a-favor-del-autoempleo","status":"publish","type":"post","link":"https:\/\/radiowebmx.com\/nota\/instituto-de-la-mujer-moreliana-refuerza-acciones-a-favor-del-autoempleo\/","title":{"rendered":"Instituto de la Mujer Moreliana refuerza acciones a favor del autoempleo"},"content":{"rendered":"<p><img loading=\"lazy\" decoding=\"async\" class=\"alignleft size-full wp-image-32201\" src=\"https:\/\/radiowebmx.com\/nota\/wp-content\/uploads\/2017\/03\/5104f797-683e-4b15-a223-bc054baf845e.jpeg\" alt=\"5104f797-683e-4b15-a223-bc054baf845e\" width=\"709\" height=\"398\" srcset=\"https:\/\/radiowebmx.com\/nota\/wp-content\/uploads\/2017\/03\/5104f797-683e-4b15-a223-bc054baf845e.jpeg 709w, https:\/\/radiowebmx.com\/nota\/wp-content\/uploads\/2017\/03\/5104f797-683e-4b15-a223-bc054baf845e-300x168.jpeg 300w, https:\/\/radiowebmx.com\/nota\/wp-content\/uploads\/2017\/03\/5104f797-683e-4b15-a223-bc054baf845e-284x158.jpeg 284w, https:\/\/radiowebmx.com\/nota\/wp-content\/uploads\/2017\/03\/5104f797-683e-4b15-a223-bc054baf845e-128x72.jpeg 128w\" sizes=\"auto, (max-width: 709px) 100vw, 709px\" \/><\/p>\n<p>&nbsp;<\/p>\n<p>Con el objetivo de establecer estrategias tendientes al empoderamiento de las mujeres en todas las Comunidades, Colonias y Tenencias de la ciudad, tarea preponderante para la Administraci\u00f3n que encabeza el Presidente Municipal de Morelia, Alfonso Mart\u00ednez Alc\u00e1zar, el Instituto de la Mujer Moreliana (IMUMO), imparti\u00f3 el Curso de Capacitaci\u00f3n para el Autoempleo de Acupuntura Escolarizado.<\/p>\n<p>Esta iniciativa de empoderamiento femenino, se efectu\u00f3 tras el convenio de colaboraci\u00f3n signado entre el Centro de Capacitaci\u00f3n para el Empleo (CECAP) y el IMUMO, el cual tiene como finalidad establecer mecanismos de participaci\u00f3n y colaboraci\u00f3n interinstitucional entre ambas partes.<\/p>\n<p>El curso se llev\u00f3 a cabo en las instalaciones del CECAP Jos\u00e9 Vasconcelos, en la calle Tlatelolco de la colonia Guadalupe, y forma parte de la consigna propuesta por la Directora de la dependencia municipal Mar\u00eda Eugenia Romero Olvera, quien ha puesto a disposici\u00f3n del sector femenil una vasta oferta de cursos de autoempleo en las colonias que lo requieran, con el \u00fanico requisito de juntar un m\u00ednimo de 20 personas y presentar la debida solicitud en las instalaciones del IMUMO.<\/p>\n<p>Romero Olvera subray\u00f3 que esta clase de iniciativas privilegian el empoderamiento de la mujer en el sector econ\u00f3mico, abriendo oportunidades de autoempleo de este sector de la sociedad y despojando as\u00ed las posibilidades de violencia econ\u00f3mica en contra de la mujer dentro del seno familiar.<\/p>\n<p>El Presidente Municipal, Alfonso Mart\u00ednez, refrenda con acciones precisas su compromiso de ofrecer a la mujer moreliana una mejor calidad de vida, a trav\u00e9s de la creaci\u00f3n de oportunidades para su desarrollo mental, econ\u00f3mico y humano.<\/p>\n","protected":false},"excerpt":{"rendered":"<p>Con el objetivo de establecer estrategias tendientes al empoderamiento de las mujeres en todas las Comunidades, Colonias y Tenencias de la ciudad, tarea preponderante para la Administraci\u00f3n que encabeza el Presidente Municipal de Morelia, Alfonso Mart\u00ednez Alc\u00e1zar, el Instituto de la Mujer Moreliana (IMUMO), imparti\u00f3 el Curso de Capacitaci\u00f3n para el Autoempleo de Acupuntura Escolarizado.<\/p>\n","protected":false},"author":1,"featured_media":32201,"comment_status":"open","ping_status":"open","sticky":false,"template":"","format":"standard","meta":{"footnotes":""},"categories":[14,9],"tags":[],"class_list":["post-32200","post","type-post","status-publish","format-standard","has-post-thumbnail","hentry","category-destacadas","category-morelia"],"_links":{"self":[{"href":"https:\/\/radiowebmx.com\/nota\/wp-json\/wp\/v2\/posts\/32200","targetHints":{"allow":["GET"]}}],"collection":[{"href":"https:\/\/radiowebmx.com\/nota\/wp-json\/wp\/v2\/posts"}],"about":[{"href":"https:\/\/radiowebmx.com\/nota\/wp-json\/wp\/v2\/types\/post"}],"author":[{"embeddable":true,"href":"https:\/\/radiowebmx.com\/nota\/wp-json\/wp\/v2\/users\/1"}],"replies":[{"embeddable":true,"href":"https:\/\/radiowebmx.com\/nota\/wp-json\/wp\/v2\/comments?post=32200"}],"version-history":[{"count":1,"href":"https:\/\/radiowebmx.com\/nota\/wp-json\/wp\/v2\/posts\/32200\/revisions"}],"predecessor-version":[{"id":32202,"href":"https:\/\/radiowebmx.com\/nota\/wp-json\/wp\/v2\/posts\/32200\/revisions\/32202"}],"wp:featuredmedia":[{"embeddable":true,"href":"https:\/\/radiowebmx.com\/nota\/wp-json\/wp\/v2\/media\/32201"}],"wp:attachment":[{"href":"https:\/\/radiowebmx.com\/nota\/wp-json\/wp\/v2\/media?parent=32200"}],"wp:term":[{"taxonomy":"category","embeddable":true,"href":"https:\/\/radiowebmx.com\/nota\/wp-json\/wp\/v2\/categories?post=32200"},{"taxonomy":"post_tag","embeddable":true,"href":"https:\/\/radiowebmx.com\/nota\/wp-json\/wp\/v2\/tags?post=32200"}],"curies":[{"name":"wp","href":"https:\/\/api.w.org\/{rel}","templated":true}]}}