{"id":32179,"date":"2017-03-04T15:24:56","date_gmt":"2017-03-04T21:24:56","guid":{"rendered":"https:\/\/radiowebmx.com\/nota\/?p=32179"},"modified":"2017-03-06T11:27:47","modified_gmt":"2017-03-06T17:27:47","slug":"realiza-dif-morelia-actividades-familiares-en-el-bosque-cuauhtemoc","status":"publish","type":"post","link":"https:\/\/radiowebmx.com\/nota\/realiza-dif-morelia-actividades-familiares-en-el-bosque-cuauhtemoc\/","title":{"rendered":"Realiza DIF Morelia actividades familiares en el Bosque Cuauht\u00e9moc"},"content":{"rendered":"<p><img loading=\"lazy\" decoding=\"async\" class=\"alignleft size-full wp-image-32180\" src=\"https:\/\/radiowebmx.com\/nota\/wp-content\/uploads\/2017\/03\/d7ec312f-e12f-4131-91cc-3eda06ea5db7.jpeg\" alt=\"d7ec312f-e12f-4131-91cc-3eda06ea5db7\" width=\"709\" height=\"472\" srcset=\"https:\/\/radiowebmx.com\/nota\/wp-content\/uploads\/2017\/03\/d7ec312f-e12f-4131-91cc-3eda06ea5db7.jpeg 709w, https:\/\/radiowebmx.com\/nota\/wp-content\/uploads\/2017\/03\/d7ec312f-e12f-4131-91cc-3eda06ea5db7-300x200.jpeg 300w\" sizes=\"auto, (max-width: 709px) 100vw, 709px\" \/><\/p>\n<p>&nbsp;<\/p>\n<p>Con gran ambiente festivo se llevaron a cabo las actividades con motivo del D\u00eda de la Familia en M\u00e9xico que organiz\u00f3 el Ayuntamiento de Morelia a trav\u00e9s del DIF Municipal este s\u00e1bado en el \u00e1rea infantil del Bosque Cuauht\u00e9moc y que estuvieron encabezadas por la Presidenta Honoraria de la dependencia, Paola Delgadillo de Mart\u00ednez.<\/p>\n<p>Desde temprana hora el \u00e1rea de la Ludoteca y de juegos infantiles abri\u00f3 sus puertas para invitar a\u00a0 las familias a disfrutar de las actividades, mismas que iniciaron en punto de las 11:00 horas con la participaci\u00f3n de los cuenta cuentos y pinta caritas totalmente gratuitos.<\/p>\n<p>Posteriormente se llev\u00f3 a cabo la carrera BMX en la pista del Bosque, donde m\u00e1s de 60 competidores desde los seis a\u00f1os hicieron gala de sus habilidades con las bicicletas y donde se cont\u00f3 con el apoyo de BMX Morelia para la organizaci\u00f3n de la competencia.<\/p>\n<p>Durante toda la jornada se tuvo tambi\u00e9n la participaci\u00f3n de la asociaci\u00f3n civil &#8220;Educadores Somos Todos&#8221;, quienes coordinaron varias actividades did\u00e1cticas enfocadas a la prevenci\u00f3n de la violencia.\u00a0 Las actividades concluyeron con la presentaci\u00f3n del show del Payaso Chocolat\u00edn, que acompa\u00f1a los eventos del DIF Morelia.<\/p>\n<p>A decir de la Encargada de Despacho de la Direcci\u00f3n del DIF Morelia, Melissa V\u00e1squez P\u00e9rez las actividades no solamente tuvieron un objetivo recreativo, &#8220;sino que con ellas queremos\u00a0 promover el deporte, la sana convivencia entre las familias y brindar informaci\u00f3n \u00fatil en torno a la cultura de la no violencia&#8221;.<\/p>\n<p>Las actividades de este s\u00e1bado, fueron parte del programa que ofreci\u00f3 el DIF Morelia con motivo del D\u00eda de la Familia, donde se incluy\u00f3 la conferencia &#8220;La Familia, el Pilar de la Sociedad&#8221;, que se llev\u00f3 a cabo el pasado viernes 3 de marzo, en la explanada del Kiosco del Bosque Cuauht\u00e9moc.<\/p>\n","protected":false},"excerpt":{"rendered":"<p>Con gran ambiente festivo se llevaron a cabo las actividades con motivo del D\u00eda de la Familia en M\u00e9xico que organiz\u00f3 el Ayuntamiento de Morelia a trav\u00e9s del DIF Municipal este s\u00e1bado en el \u00e1rea infantil del Bosque Cuauht\u00e9moc y que estuvieron encabezadas por la Presidenta Honoraria de la dependencia, Paola Delgadillo de Mart\u00ednez.<\/p>\n","protected":false},"author":1,"featured_media":32180,"comment_status":"open","ping_status":"open","sticky":false,"template":"","format":"standard","meta":{"footnotes":""},"categories":[14,9],"tags":[],"class_list":["post-32179","post","type-post","status-publish","format-standard","has-post-thumbnail","hentry","category-destacadas","category-morelia"],"_links":{"self":[{"href":"https:\/\/radiowebmx.com\/nota\/wp-json\/wp\/v2\/posts\/32179","targetHints":{"allow":["GET"]}}],"collection":[{"href":"https:\/\/radiowebmx.com\/nota\/wp-json\/wp\/v2\/posts"}],"about":[{"href":"https:\/\/radiowebmx.com\/nota\/wp-json\/wp\/v2\/types\/post"}],"author":[{"embeddable":true,"href":"https:\/\/radiowebmx.com\/nota\/wp-json\/wp\/v2\/users\/1"}],"replies":[{"embeddable":true,"href":"https:\/\/radiowebmx.com\/nota\/wp-json\/wp\/v2\/comments?post=32179"}],"version-history":[{"count":1,"href":"https:\/\/radiowebmx.com\/nota\/wp-json\/wp\/v2\/posts\/32179\/revisions"}],"predecessor-version":[{"id":32181,"href":"https:\/\/radiowebmx.com\/nota\/wp-json\/wp\/v2\/posts\/32179\/revisions\/32181"}],"wp:featuredmedia":[{"embeddable":true,"href":"https:\/\/radiowebmx.com\/nota\/wp-json\/wp\/v2\/media\/32180"}],"wp:attachment":[{"href":"https:\/\/radiowebmx.com\/nota\/wp-json\/wp\/v2\/media?parent=32179"}],"wp:term":[{"taxonomy":"category","embeddable":true,"href":"https:\/\/radiowebmx.com\/nota\/wp-json\/wp\/v2\/categories?post=32179"},{"taxonomy":"post_tag","embeddable":true,"href":"https:\/\/radiowebmx.com\/nota\/wp-json\/wp\/v2\/tags?post=32179"}],"curies":[{"name":"wp","href":"https:\/\/api.w.org\/{rel}","templated":true}]}}