{"id":32176,"date":"2017-03-04T15:24:33","date_gmt":"2017-03-04T21:24:33","guid":{"rendered":"https:\/\/radiowebmx.com\/nota\/?p=32176"},"modified":"2017-03-06T11:24:51","modified_gmt":"2017-03-06T17:24:51","slug":"invita-gobierno-municipal-a-formar-parte-de-la-policia-de-morelia","status":"publish","type":"post","link":"https:\/\/radiowebmx.com\/nota\/invita-gobierno-municipal-a-formar-parte-de-la-policia-de-morelia\/","title":{"rendered":"Invita Gobierno Municipal a formar parte de la Polic\u00eda de Morelia"},"content":{"rendered":"<p><img loading=\"lazy\" decoding=\"async\" class=\"alignleft size-full wp-image-32177\" src=\"https:\/\/radiowebmx.com\/nota\/wp-content\/uploads\/2017\/03\/dfafed6a-fc7e-4b82-8c0f-419ba71fbe6b.jpg\" alt=\"dfafed6a-fc7e-4b82-8c0f-419ba71fbe6b\" width=\"709\" height=\"1471\" srcset=\"https:\/\/radiowebmx.com\/nota\/wp-content\/uploads\/2017\/03\/dfafed6a-fc7e-4b82-8c0f-419ba71fbe6b.jpg 709w, https:\/\/radiowebmx.com\/nota\/wp-content\/uploads\/2017\/03\/dfafed6a-fc7e-4b82-8c0f-419ba71fbe6b-145x300.jpg 145w, https:\/\/radiowebmx.com\/nota\/wp-content\/uploads\/2017\/03\/dfafed6a-fc7e-4b82-8c0f-419ba71fbe6b-494x1024.jpg 494w\" sizes=\"auto, (max-width: 709px) 100vw, 709px\" \/><\/p>\n<p>&nbsp;<\/p>\n<p>Con la meta de hacer crecer a la Polic\u00eda de Morelia y mantenerla en la ruta de que sea una corporaci\u00f3n respetada, confiable y capacitada, el Comisionado Municipal de Seguridad, Bernardo Le\u00f3n Olea, record\u00f3 que contin\u00faa abierta la convocatoria para que mujeres y hombres se unan a la instituci\u00f3n municipal.<\/p>\n<p>Los requisitos b\u00e1sicos para iniciar el proceso de unirse al cuerpo policiaco de la ciudad son: Tener de 19 a 35 a\u00f1os de edad; ser ciudadanos mexicanos por nacimiento; Escolaridad de Bachillerato o equivalente; Estatura m\u00ednima de 1.65 metros para hombres y 1.60 mts., para mujeres; Contar con certificado oficial de salud con caracter\u00edsticas que indiquen que se mantiene un estado saludable.<\/p>\n<p>Asimismo, al formar parte de esta agrupaci\u00f3n de vigilancia y protecci\u00f3n de los morelianos, se obtienen prestaciones superiores a las de la Ley; Estabilidad laboral; Los aspirantes que sean admitidos en el curso de formaci\u00f3n inicial, recibir\u00e1n un apoyo econ\u00f3mico; Incorporaci\u00f3n al Servicio Profesional de Carrera Policial, lo que fomenta la eficiencia y eficacia, as\u00ed como el desarrollo de oportunidades para los\u00a0 integrantes de esta corporaci\u00f3n polic\u00edaca.<\/p>\n<p>Las inscripciones se har\u00e1n directamente en el \u00e1rea de Recursos Humanos de las instalaciones de la Polic\u00eda de Morelia ubicadas en la calle Lauro Villar #170, en la colonia Nueva Esperanza de lunes a viernes de 9:00 a 16:00 horas y se deber\u00e1 presentar \u00fanicamente la documentaci\u00f3n inicial de: Curr\u00edculum vitae con fotograf\u00eda, el cual deber\u00e1 ir\u00a0 firmado en cada hoja; y una solicitud de empleo con fotograf\u00eda. Una vez aprobado este primer filtro deber\u00e1n entregarse los documentos restantes que contempla la convocatoria.<\/p>\n<p>Los interesados que requieran mayor informaci\u00f3n se podr\u00e1n comunicar al\u00a0 tel\u00e9fono 1 13 50 00 a la extensi\u00f3n 116 y 117 y as\u00ed resolver las dudas que pudieran tener de manera directa y personalmente.<\/p>\n","protected":false},"excerpt":{"rendered":"<p>Con la meta de hacer crecer a la Polic\u00eda de Morelia y mantenerla en la ruta de que sea una corporaci\u00f3n respetada, confiable y capacitada, el Comisionado Municipal de Seguridad, Bernardo Le\u00f3n Olea, record\u00f3 que contin\u00faa abierta la convocatoria para que mujeres y hombres se unan a la instituci\u00f3n municipal.<\/p>\n","protected":false},"author":1,"featured_media":32177,"comment_status":"open","ping_status":"open","sticky":false,"template":"","format":"standard","meta":{"footnotes":""},"categories":[14,9],"tags":[],"class_list":["post-32176","post","type-post","status-publish","format-standard","has-post-thumbnail","hentry","category-destacadas","category-morelia"],"_links":{"self":[{"href":"https:\/\/radiowebmx.com\/nota\/wp-json\/wp\/v2\/posts\/32176","targetHints":{"allow":["GET"]}}],"collection":[{"href":"https:\/\/radiowebmx.com\/nota\/wp-json\/wp\/v2\/posts"}],"about":[{"href":"https:\/\/radiowebmx.com\/nota\/wp-json\/wp\/v2\/types\/post"}],"author":[{"embeddable":true,"href":"https:\/\/radiowebmx.com\/nota\/wp-json\/wp\/v2\/users\/1"}],"replies":[{"embeddable":true,"href":"https:\/\/radiowebmx.com\/nota\/wp-json\/wp\/v2\/comments?post=32176"}],"version-history":[{"count":1,"href":"https:\/\/radiowebmx.com\/nota\/wp-json\/wp\/v2\/posts\/32176\/revisions"}],"predecessor-version":[{"id":32178,"href":"https:\/\/radiowebmx.com\/nota\/wp-json\/wp\/v2\/posts\/32176\/revisions\/32178"}],"wp:featuredmedia":[{"embeddable":true,"href":"https:\/\/radiowebmx.com\/nota\/wp-json\/wp\/v2\/media\/32177"}],"wp:attachment":[{"href":"https:\/\/radiowebmx.com\/nota\/wp-json\/wp\/v2\/media?parent=32176"}],"wp:term":[{"taxonomy":"category","embeddable":true,"href":"https:\/\/radiowebmx.com\/nota\/wp-json\/wp\/v2\/categories?post=32176"},{"taxonomy":"post_tag","embeddable":true,"href":"https:\/\/radiowebmx.com\/nota\/wp-json\/wp\/v2\/tags?post=32176"}],"curies":[{"name":"wp","href":"https:\/\/api.w.org\/{rel}","templated":true}]}}