{"id":32170,"date":"2017-03-04T15:18:14","date_gmt":"2017-03-04T21:18:14","guid":{"rendered":"https:\/\/radiowebmx.com\/nota\/?p=32170"},"modified":"2017-03-06T11:19:44","modified_gmt":"2017-03-06T17:19:44","slug":"atendera-iifeem-necesidades-en-infraestructura-educativa-en-acuitzio","status":"publish","type":"post","link":"https:\/\/radiowebmx.com\/nota\/atendera-iifeem-necesidades-en-infraestructura-educativa-en-acuitzio\/","title":{"rendered":"Atender\u00e1 IIFEEM necesidades en infraestructura educativa en Acuitzio"},"content":{"rendered":"<p><img loading=\"lazy\" decoding=\"async\" class=\"alignleft size-full wp-image-32171\" src=\"https:\/\/radiowebmx.com\/nota\/wp-content\/uploads\/2017\/03\/e96bcd94-6907-4c81-8e7b-ea9d9b7eb4cb.jpg\" alt=\"e96bcd94-6907-4c81-8e7b-ea9d9b7eb4cb\" width=\"709\" height=\"472\" srcset=\"https:\/\/radiowebmx.com\/nota\/wp-content\/uploads\/2017\/03\/e96bcd94-6907-4c81-8e7b-ea9d9b7eb4cb.jpg 709w, https:\/\/radiowebmx.com\/nota\/wp-content\/uploads\/2017\/03\/e96bcd94-6907-4c81-8e7b-ea9d9b7eb4cb-300x200.jpg 300w\" sizes=\"auto, (max-width: 709px) 100vw, 709px\" \/><\/p>\n<p>&nbsp;<\/p>\n<p><strong>Acuitzio, Michoac\u00e1n, a 4 de marzo de 2017.-\u00a0<\/strong>La directora general del Instituto de la Infraestructura F\u00edsica Educativa del Estado de Michoac\u00e1n (IIFEEM), Mar\u00eda Guadalupe D\u00edaz Chagolla, realiz\u00f3 una gira de trabajo por Acuitzio del Canje para identificar las carencias de los planteles escolares del municipio.<\/p>\n<p>Acompa\u00f1ada del alcalde Jes\u00fas Hern\u00e1ndez Eguiza, la funcionaria estatal visit\u00f3 el Jard\u00edn de Ni\u00f1os \u201cIng. El\u00edas P\u00e9rez \u00c1valos\u201d, donde se detect\u00f3 la necesidad de atender tanto los servicios sanitarios como el aula cocina.<\/p>\n<p>Posteriormente, D\u00edaz Chagolla se traslad\u00f3 a El Pared\u00f3n, una de las localidades m\u00e1s alejadas de la cabecera municipal en la que se ubica la Escuela Primaria Rural \u201cL\u00e1zaro C\u00e1rdenas\u201d, que est\u00e1 en total abandono desde hace 20 a\u00f1os, por lo que la comunidad escolar tuvo que trasladarse a otras instalaciones que tampoco cumplen con las condiciones adecuadas para el proceso de ense\u00f1anza aprendizaje.<\/p>\n<p>Dado lo anterior, la funcionaria estatal mencion\u00f3 que este plantel ser\u00e1 atendido\u00a0mediante la construcci\u00f3n de un aula integral que contar\u00e1 con servicios sanitarios y Direcci\u00f3n, mientras que el Ayuntamiento se har\u00e1 cargo de concluir el aula abandonada.<\/p>\n<p>Por \u00faltimo, la directora general del IIFEEM acudi\u00f3 a la Primaria \u201cFrancisco I. Madero\u201d, de la localidad de El P\u00e1ramo, que a trav\u00e9s del programa convenido entre el Estado y la Federaci\u00f3n, Escuelas al CIEN, ser\u00e1 rehabilitado.<\/p>\n","protected":false},"excerpt":{"rendered":"<p>La directora general del Instituto de la Infraestructura F\u00edsica Educativa del Estado de Michoac\u00e1n (IIFEEM), Mar\u00eda Guadalupe D\u00edaz Chagolla, realiz\u00f3 una gira de trabajo por Acuitzio del Canje para identificar las carencias de los planteles escolares del municipio.<\/p>\n","protected":false},"author":1,"featured_media":32171,"comment_status":"open","ping_status":"open","sticky":false,"template":"","format":"standard","meta":{"footnotes":""},"categories":[14,3],"tags":[],"class_list":["post-32170","post","type-post","status-publish","format-standard","has-post-thumbnail","hentry","category-destacadas","category-gobierno-del-estado-de-michoacan"],"_links":{"self":[{"href":"https:\/\/radiowebmx.com\/nota\/wp-json\/wp\/v2\/posts\/32170","targetHints":{"allow":["GET"]}}],"collection":[{"href":"https:\/\/radiowebmx.com\/nota\/wp-json\/wp\/v2\/posts"}],"about":[{"href":"https:\/\/radiowebmx.com\/nota\/wp-json\/wp\/v2\/types\/post"}],"author":[{"embeddable":true,"href":"https:\/\/radiowebmx.com\/nota\/wp-json\/wp\/v2\/users\/1"}],"replies":[{"embeddable":true,"href":"https:\/\/radiowebmx.com\/nota\/wp-json\/wp\/v2\/comments?post=32170"}],"version-history":[{"count":1,"href":"https:\/\/radiowebmx.com\/nota\/wp-json\/wp\/v2\/posts\/32170\/revisions"}],"predecessor-version":[{"id":32172,"href":"https:\/\/radiowebmx.com\/nota\/wp-json\/wp\/v2\/posts\/32170\/revisions\/32172"}],"wp:featuredmedia":[{"embeddable":true,"href":"https:\/\/radiowebmx.com\/nota\/wp-json\/wp\/v2\/media\/32171"}],"wp:attachment":[{"href":"https:\/\/radiowebmx.com\/nota\/wp-json\/wp\/v2\/media?parent=32170"}],"wp:term":[{"taxonomy":"category","embeddable":true,"href":"https:\/\/radiowebmx.com\/nota\/wp-json\/wp\/v2\/categories?post=32170"},{"taxonomy":"post_tag","embeddable":true,"href":"https:\/\/radiowebmx.com\/nota\/wp-json\/wp\/v2\/tags?post=32170"}],"curies":[{"name":"wp","href":"https:\/\/api.w.org\/{rel}","templated":true}]}}