{"id":32167,"date":"2017-03-04T11:16:08","date_gmt":"2017-03-04T17:16:08","guid":{"rendered":"https:\/\/radiowebmx.com\/nota\/?p=32167"},"modified":"2017-03-06T11:17:59","modified_gmt":"2017-03-06T17:17:59","slug":"impulsan-el-regreso-del-maraton-nautico-del-rio-balsas","status":"publish","type":"post","link":"https:\/\/radiowebmx.com\/nota\/impulsan-el-regreso-del-maraton-nautico-del-rio-balsas\/","title":{"rendered":"Impulsan el regreso del Marat\u00f3n N\u00e1utico del R\u00edo Balsas"},"content":{"rendered":"<p><img loading=\"lazy\" decoding=\"async\" class=\"alignleft size-full wp-image-32168\" src=\"https:\/\/radiowebmx.com\/nota\/wp-content\/uploads\/2017\/03\/4c30475b-a084-439e-be40-ecac43262531.jpg\" alt=\"4c30475b-a084-439e-be40-ecac43262531\" width=\"709\" height=\"398\" srcset=\"https:\/\/radiowebmx.com\/nota\/wp-content\/uploads\/2017\/03\/4c30475b-a084-439e-be40-ecac43262531.jpg 709w, https:\/\/radiowebmx.com\/nota\/wp-content\/uploads\/2017\/03\/4c30475b-a084-439e-be40-ecac43262531-300x168.jpg 300w, https:\/\/radiowebmx.com\/nota\/wp-content\/uploads\/2017\/03\/4c30475b-a084-439e-be40-ecac43262531-284x158.jpg 284w, https:\/\/radiowebmx.com\/nota\/wp-content\/uploads\/2017\/03\/4c30475b-a084-439e-be40-ecac43262531-128x72.jpg 128w\" sizes=\"auto, (max-width: 709px) 100vw, 709px\" \/><\/p>\n<p><strong>Morelia, Michoac\u00e1n, a 4 de marzo de 2017.-<\/strong>\u00a0Las comisiones\u00a0para el Desarrollo Sostenible de la Costa Michoacana (Codecom) y Estatal de Cultura F\u00edsica y Deporte (Cecufid), en conjunto con los Ayuntamientos de Arteaga y La Huacana, impulsan el regreso del Marat\u00f3n N\u00e1utico del R\u00edo Balsas.<br \/>\nLa directora general de la Codecom, Patricia Flores Anguiano, destac\u00f3 que tambi\u00e9n se busca involucrar a los Ayuntamientos de M\u00fagica y L\u00e1zaro C\u00e1rdenas, dada la importante derrama econ\u00f3mica que generar\u00eda en beneficio de la poblaci\u00f3n de las regiones Costa, Infiernillo y Tierra Caliente.<\/p>\n<p>Explic\u00f3 que el Marat\u00f3n N\u00e1utico se realizaba hasta hace unos a\u00f1os en el r\u00edo Balsas y que lleg\u00f3 a reunir a decenas de competidores de varios estados de la Rep\u00fablica; incluso, record\u00f3, lleg\u00f3 a contar con la presencia del actor Paul Newman.<\/p>\n<p>El Marat\u00f3n N\u00e1utico se sigue llevando a cabo en otros puntos del pa\u00eds, pero ya no en Michoac\u00e1n, por lo que el reto es que el evento regrese a la entidad y promoverlo a nivel nacional e internacional.<\/p>\n<p>\u201cEn el Marat\u00f3n N\u00e1utico confluyen deporte, turismo, gastronom\u00eda, cultura y, por supuesto, convivencia familiar\u201d, resalt\u00f3 la titular de la Codecom\u00a0y detall\u00f3 que se proyecta que el evento dure tres d\u00edas: el primero se realizar\u00eda un desfile de lanchas; el segundo, competencias de hits, en el que participar\u00edan lanchas fuera de borda; y el tercer d\u00eda la carrera final y la premiaci\u00f3n.<\/p>\n<p>Puntualiz\u00f3 que el Marat\u00f3n N\u00e1utico tendr\u00eda que realizarse durante el mes noviembre, pues en esa \u00e9poca del a\u00f1o el afluente tanto de la presa Adolfo L\u00f3pez Mateos, mejor conocida como Infiernillo, y el r\u00edo Balsas, tendr\u00edan el nivel de agua adecuado.<\/p>\n","protected":false},"excerpt":{"rendered":"<p>Las comisiones para el Desarrollo Sostenible de la Costa Michoacana (Codecom) y Estatal de Cultura F\u00edsica y Deporte (Cecufid), en conjunto con los Ayuntamientos de Arteaga y La Huacana, impulsan el regreso del Marat\u00f3n N\u00e1utico del R\u00edo Balsas.<\/p>\n","protected":false},"author":1,"featured_media":32168,"comment_status":"open","ping_status":"open","sticky":false,"template":"","format":"standard","meta":{"footnotes":""},"categories":[14,3],"tags":[],"class_list":["post-32167","post","type-post","status-publish","format-standard","has-post-thumbnail","hentry","category-destacadas","category-gobierno-del-estado-de-michoacan"],"_links":{"self":[{"href":"https:\/\/radiowebmx.com\/nota\/wp-json\/wp\/v2\/posts\/32167","targetHints":{"allow":["GET"]}}],"collection":[{"href":"https:\/\/radiowebmx.com\/nota\/wp-json\/wp\/v2\/posts"}],"about":[{"href":"https:\/\/radiowebmx.com\/nota\/wp-json\/wp\/v2\/types\/post"}],"author":[{"embeddable":true,"href":"https:\/\/radiowebmx.com\/nota\/wp-json\/wp\/v2\/users\/1"}],"replies":[{"embeddable":true,"href":"https:\/\/radiowebmx.com\/nota\/wp-json\/wp\/v2\/comments?post=32167"}],"version-history":[{"count":1,"href":"https:\/\/radiowebmx.com\/nota\/wp-json\/wp\/v2\/posts\/32167\/revisions"}],"predecessor-version":[{"id":32169,"href":"https:\/\/radiowebmx.com\/nota\/wp-json\/wp\/v2\/posts\/32167\/revisions\/32169"}],"wp:featuredmedia":[{"embeddable":true,"href":"https:\/\/radiowebmx.com\/nota\/wp-json\/wp\/v2\/media\/32168"}],"wp:attachment":[{"href":"https:\/\/radiowebmx.com\/nota\/wp-json\/wp\/v2\/media?parent=32167"}],"wp:term":[{"taxonomy":"category","embeddable":true,"href":"https:\/\/radiowebmx.com\/nota\/wp-json\/wp\/v2\/categories?post=32167"},{"taxonomy":"post_tag","embeddable":true,"href":"https:\/\/radiowebmx.com\/nota\/wp-json\/wp\/v2\/tags?post=32167"}],"curies":[{"name":"wp","href":"https:\/\/api.w.org\/{rel}","templated":true}]}}