{"id":32140,"date":"2017-03-03T13:05:49","date_gmt":"2017-03-03T19:05:49","guid":{"rendered":"https:\/\/radiowebmx.com\/nota\/?p=32140"},"modified":"2017-03-03T13:05:49","modified_gmt":"2017-03-03T19:05:49","slug":"concreta-sfa-otra-opcion-de-crecimiento-profesional-para-servidores-publicos","status":"publish","type":"post","link":"https:\/\/radiowebmx.com\/nota\/concreta-sfa-otra-opcion-de-crecimiento-profesional-para-servidores-publicos\/","title":{"rendered":"Concreta SFA otra opci\u00f3n de crecimiento profesional para servidores p\u00fablicos"},"content":{"rendered":"<p><img loading=\"lazy\" decoding=\"async\" class=\"alignleft size-full wp-image-32141\" src=\"https:\/\/radiowebmx.com\/nota\/wp-content\/uploads\/2017\/03\/6477b99e-14ff-4914-8266-f1bd9d21ee36.jpg\" alt=\"6477b99e-14ff-4914-8266-f1bd9d21ee36\" width=\"709\" height=\"426\" srcset=\"https:\/\/radiowebmx.com\/nota\/wp-content\/uploads\/2017\/03\/6477b99e-14ff-4914-8266-f1bd9d21ee36.jpg 709w, https:\/\/radiowebmx.com\/nota\/wp-content\/uploads\/2017\/03\/6477b99e-14ff-4914-8266-f1bd9d21ee36-300x180.jpg 300w\" sizes=\"auto, (max-width: 709px) 100vw, 709px\" \/><\/p>\n<p><strong>Morelia, Michoac\u00e1n, a 3 de marzo de 2017.-\u00a0<\/strong>En cumplimiento a las instrucciones del Gobernador Silvano Aureoles Conejo de brindarles a las y los servidores p\u00fablicos los conocimientos y herramientas necesarias para mejorar\u00a0\u00a0su desempe\u00f1o, la Secretar\u00eda de Finanzas y Administraci\u00f3n (SFA), a trav\u00e9s de la Subsecretar\u00eda de Administraci\u00f3n e Innovaci\u00f3n de Procesos, firm\u00f3 un convenio de colaboraci\u00f3n con el Colegio Tecnol\u00f3gico de Estudios Avanzados de Morelia (CETEC), con el que las y los trabajadores de Gobierno del Estado que no han terminado sus estudios de bachillerato podr\u00e1n hacerlo.<br \/>\nCon una oferta acad\u00e9mica que incluye estudios con bachillerato, computaci\u00f3n, idiomas, certificaciones, cursos y m\u00e1s, el CETEC es una opci\u00f3n m\u00e1s para que las y los servidores p\u00fablicos estatales puedan acceder a estudios de calidad, fomentando que las instituciones gubernamentales cuenten con personal m\u00e1s preparado.<\/p>\n<p>Con la firma de este documento, la SFA cuenta ya con convenios en distintos niveles educativos, abarcando desde el nivel de preparatoria hasta postgrados en casas de estudio como el Instituto Michoacano de Ciencias de la Educaci\u00f3n y las universidades de Morelia, Interamericana para el Desarrollo y Nova Spania.<\/p>\n<p>Con esto, los conocimientos y el crecimiento profesional est\u00e1n al alcance de cualquier servidor p\u00fablico que decida acercarse a estas instituciones educativas.<\/p>\n<p>El Gobierno del Estado refrenda su compromiso de ofrecer mejores servicios al poner a disposici\u00f3n de sus empleados las oportunidades y herramientas necesarias para su preparaci\u00f3n, lo que se traducir\u00e1 en dependencias con personal capacitado y a la altura de las demandas de las y los michoacanos.<\/p>\n","protected":false},"excerpt":{"rendered":"<p>Morelia, Michoac\u00e1n, a 3 de marzo de 2017.- En cumplimiento a las instrucciones del Gobernador Silvano Aureoles Conejo de brindarles a las y los servidores p\u00fablicos los conocimientos y herramientas necesarias para mejorar  su desempe\u00f1o, la Secretar\u00eda de Finanzas y Administraci\u00f3n (SFA), a trav\u00e9s de la Subsecretar\u00eda de Administraci\u00f3n e Innovaci\u00f3n de Procesos, firm\u00f3 un convenio de colaboraci\u00f3n con el Colegio Tecnol\u00f3gico de Estudios Avanzados de Morelia (CETEC), con el que las y los trabajadores de Gobierno del Estado que no han terminado sus estudios de bachillerato podr\u00e1n hacerlo.<\/p>\n<p>Con una oferta acad\u00e9mica que incluye estudios con bachillerato, computaci\u00f3n, idiomas, certificaciones, cursos y m\u00e1s, el CETEC es una opci\u00f3n m\u00e1s para que las y los servidores p\u00fablicos estatales puedan acceder a estudios de calidad, fomentando que las instituciones gubernamentales cuenten con personal m\u00e1s preparado.<\/p>\n<p>Con la firma de este documento, la SFA cuenta ya con convenios en distintos niveles educativos, abarcando desde el nivel de preparatoria hasta postgrados en casas de estudio como el Instituto Michoacano de Ciencias de la Educaci\u00f3n y las universidades de Morelia, Interamericana para el Desarrollo y Nova Spania.<\/p>\n<p>Con esto, los conocimientos y el crecimiento profesional est\u00e1n al alcance de cualquier servidor p\u00fablico que decida acercarse a estas instituciones educativas.<\/p>\n<p>El Gobierno del Estado refrenda su compromiso de ofrecer mejores servicios al poner a disposici\u00f3n de sus empleados las oportunidades y herramientas necesarias para su preparaci\u00f3n, lo que se traducir\u00e1 en dependencias con personal capacitado y a la altura de las demandas de las y los michoacanos.<\/p>\n","protected":false},"author":1,"featured_media":32141,"comment_status":"open","ping_status":"open","sticky":false,"template":"","format":"standard","meta":{"footnotes":""},"categories":[14,3],"tags":[],"class_list":["post-32140","post","type-post","status-publish","format-standard","has-post-thumbnail","hentry","category-destacadas","category-gobierno-del-estado-de-michoacan"],"_links":{"self":[{"href":"https:\/\/radiowebmx.com\/nota\/wp-json\/wp\/v2\/posts\/32140","targetHints":{"allow":["GET"]}}],"collection":[{"href":"https:\/\/radiowebmx.com\/nota\/wp-json\/wp\/v2\/posts"}],"about":[{"href":"https:\/\/radiowebmx.com\/nota\/wp-json\/wp\/v2\/types\/post"}],"author":[{"embeddable":true,"href":"https:\/\/radiowebmx.com\/nota\/wp-json\/wp\/v2\/users\/1"}],"replies":[{"embeddable":true,"href":"https:\/\/radiowebmx.com\/nota\/wp-json\/wp\/v2\/comments?post=32140"}],"version-history":[{"count":1,"href":"https:\/\/radiowebmx.com\/nota\/wp-json\/wp\/v2\/posts\/32140\/revisions"}],"predecessor-version":[{"id":32142,"href":"https:\/\/radiowebmx.com\/nota\/wp-json\/wp\/v2\/posts\/32140\/revisions\/32142"}],"wp:featuredmedia":[{"embeddable":true,"href":"https:\/\/radiowebmx.com\/nota\/wp-json\/wp\/v2\/media\/32141"}],"wp:attachment":[{"href":"https:\/\/radiowebmx.com\/nota\/wp-json\/wp\/v2\/media?parent=32140"}],"wp:term":[{"taxonomy":"category","embeddable":true,"href":"https:\/\/radiowebmx.com\/nota\/wp-json\/wp\/v2\/categories?post=32140"},{"taxonomy":"post_tag","embeddable":true,"href":"https:\/\/radiowebmx.com\/nota\/wp-json\/wp\/v2\/tags?post=32140"}],"curies":[{"name":"wp","href":"https:\/\/api.w.org\/{rel}","templated":true}]}}