{"id":32137,"date":"2017-03-03T13:01:15","date_gmt":"2017-03-03T19:01:15","guid":{"rendered":"https:\/\/radiowebmx.com\/nota\/?p=32137"},"modified":"2017-03-03T13:01:15","modified_gmt":"2017-03-03T19:01:15","slug":"en-tiempo-y-forma-construccion-de-la-nueva-comandancia-de-la-policia-de-morelia","status":"publish","type":"post","link":"https:\/\/radiowebmx.com\/nota\/en-tiempo-y-forma-construccion-de-la-nueva-comandancia-de-la-policia-de-morelia\/","title":{"rendered":"En tiempo y forma, construcci\u00f3n de la nueva Comandancia de la Polic\u00eda de Morelia"},"content":{"rendered":"<p><img loading=\"lazy\" decoding=\"async\" class=\"alignleft size-full wp-image-32138\" src=\"https:\/\/radiowebmx.com\/nota\/wp-content\/uploads\/2017\/03\/d2458b20-3044-4cad-a753-c196ca9229d6.jpg\" alt=\"d2458b20-3044-4cad-a753-c196ca9229d6\" width=\"709\" height=\"472\" srcset=\"https:\/\/radiowebmx.com\/nota\/wp-content\/uploads\/2017\/03\/d2458b20-3044-4cad-a753-c196ca9229d6.jpg 709w, https:\/\/radiowebmx.com\/nota\/wp-content\/uploads\/2017\/03\/d2458b20-3044-4cad-a753-c196ca9229d6-300x200.jpg 300w\" sizes=\"auto, (max-width: 709px) 100vw, 709px\" \/><\/p>\n<p>&nbsp;<\/p>\n<p>Con paso firme, avanza la construcci\u00f3n de la nueva comandancia de la Polic\u00eda de Morelia que se ubicar\u00e1 en las instalaciones de la Antigua Central Camionera, as\u00ed lo inform\u00f3 el Secretario de Efectividad e Innovaci\u00f3n Gubernamental, Antonio Plaza Urbina, luego de realizar una visita de supervisi\u00f3n.<\/p>\n<p>El funcionario municipal inform\u00f3 que aproximadamente en tres semanas la parte de la obra correspondiente a la Comandancia de Polic\u00eda, que a su vez ofrecer\u00e1 atenci\u00f3n a las v\u00edctimas de delitos, estar\u00e1 concluida, recordando que a la par de esto en el terreno se construir\u00e1 tambi\u00e9n una zona de atenci\u00f3n a la ciudadan\u00eda conocida como Ciudad Administrativa.<\/p>\n<p>Plaza Urbina dio cuenta de los avances estructurales casi concluidos: la estructura de muros, divisiones, pinturas y herrer\u00eda, que formar\u00e1n parte de la Nueva comandancia que se convertir\u00e1 en la tercera en la ciudad, incluyendo la ubicada en la zona de Tin\u00edjaro y en inmediaciones del Mercado de Abastos.<\/p>\n<p>Detall\u00f3 que esta obra corresponde al programa de desarrollo Morelia Next, impulsado por el Presidente Municipal, Alfonso Mart\u00ednez Alc\u00e1zar, que tiene entre sus objetivos realizar acciones contundentes para disminuir los \u00edndices delictivos en la capital michoacana.<\/p>\n<p>\u201cMorelia Next plantea que el Centro Hist\u00f3rico debe ser una zona de cero tolerancia con la inseguridad y ese es uno de los retos m\u00e1s importantes de esta Administraci\u00f3n\u201d, sostuvo.<\/p>\n<p>La Comandancia de Polic\u00eda contar\u00e1 con un amplio espacio de atenci\u00f3n a la ciudadan\u00eda, \u00e1rea de barandilla y separos; juzgados c\u00edvicos adecuados a la nueva ley de juicios orales, todo con infraestructura de primera l\u00ednea.<\/p>\n<p>Con estas acciones el Presidente Municipal de Morelia, Alfonso Mart\u00ednez Alc\u00e1zar refrenda su compromiso por establecer acciones firmes para brindar a la ciudadan\u00eda seguridad y atenci\u00f3n, correspondientes a una ciudad en pleno desarrollo.<\/p>\n","protected":false},"excerpt":{"rendered":"<p>Con paso firme, avanza la construcci\u00f3n de la nueva comandancia de la Polic\u00eda de Morelia que se ubicar\u00e1 en las instalaciones de la Antigua Central Camionera, as\u00ed lo inform\u00f3 el Secretario de Efectividad e Innovaci\u00f3n Gubernamental, Antonio Plaza Urbina, luego de realizar una visita de supervisi\u00f3n.<\/p>\n","protected":false},"author":1,"featured_media":32138,"comment_status":"open","ping_status":"open","sticky":false,"template":"","format":"standard","meta":{"footnotes":""},"categories":[14,9],"tags":[],"class_list":["post-32137","post","type-post","status-publish","format-standard","has-post-thumbnail","hentry","category-destacadas","category-morelia"],"_links":{"self":[{"href":"https:\/\/radiowebmx.com\/nota\/wp-json\/wp\/v2\/posts\/32137","targetHints":{"allow":["GET"]}}],"collection":[{"href":"https:\/\/radiowebmx.com\/nota\/wp-json\/wp\/v2\/posts"}],"about":[{"href":"https:\/\/radiowebmx.com\/nota\/wp-json\/wp\/v2\/types\/post"}],"author":[{"embeddable":true,"href":"https:\/\/radiowebmx.com\/nota\/wp-json\/wp\/v2\/users\/1"}],"replies":[{"embeddable":true,"href":"https:\/\/radiowebmx.com\/nota\/wp-json\/wp\/v2\/comments?post=32137"}],"version-history":[{"count":1,"href":"https:\/\/radiowebmx.com\/nota\/wp-json\/wp\/v2\/posts\/32137\/revisions"}],"predecessor-version":[{"id":32139,"href":"https:\/\/radiowebmx.com\/nota\/wp-json\/wp\/v2\/posts\/32137\/revisions\/32139"}],"wp:featuredmedia":[{"embeddable":true,"href":"https:\/\/radiowebmx.com\/nota\/wp-json\/wp\/v2\/media\/32138"}],"wp:attachment":[{"href":"https:\/\/radiowebmx.com\/nota\/wp-json\/wp\/v2\/media?parent=32137"}],"wp:term":[{"taxonomy":"category","embeddable":true,"href":"https:\/\/radiowebmx.com\/nota\/wp-json\/wp\/v2\/categories?post=32137"},{"taxonomy":"post_tag","embeddable":true,"href":"https:\/\/radiowebmx.com\/nota\/wp-json\/wp\/v2\/tags?post=32137"}],"curies":[{"name":"wp","href":"https:\/\/api.w.org\/{rel}","templated":true}]}}