{"id":32094,"date":"2017-03-02T12:37:51","date_gmt":"2017-03-02T18:37:51","guid":{"rendered":"https:\/\/radiowebmx.com\/nota\/?p=32094"},"modified":"2017-03-02T12:37:51","modified_gmt":"2017-03-02T18:37:51","slug":"respalda-proam-pronunciamiento-del-coeeco-en-torno-a-agroquimicos","status":"publish","type":"post","link":"https:\/\/radiowebmx.com\/nota\/respalda-proam-pronunciamiento-del-coeeco-en-torno-a-agroquimicos\/","title":{"rendered":"Respalda ProAm pronunciamiento del Coeeco en torno a agroqu\u00edmicos"},"content":{"rendered":"<p><img loading=\"lazy\" decoding=\"async\" class=\"alignleft size-full wp-image-32095\" src=\"https:\/\/radiowebmx.com\/nota\/wp-content\/uploads\/2017\/03\/89374a41-ae29-4856-ba5e-bfc5585db19b.jpeg\" alt=\"89374a41-ae29-4856-ba5e-bfc5585db19b\" width=\"709\" height=\"531\" srcset=\"https:\/\/radiowebmx.com\/nota\/wp-content\/uploads\/2017\/03\/89374a41-ae29-4856-ba5e-bfc5585db19b.jpeg 709w, https:\/\/radiowebmx.com\/nota\/wp-content\/uploads\/2017\/03\/89374a41-ae29-4856-ba5e-bfc5585db19b-300x225.jpeg 300w\" sizes=\"auto, (max-width: 709px) 100vw, 709px\" \/><\/p>\n<p><strong>Morelia, Michoac\u00e1n, a 2 de marzo de 2017.-\u00a0<\/strong>La Procuradur\u00eda de Protecci\u00f3n al Ambiente Ambiental (ProAm) de Michoac\u00e1n se manifest\u00f3 a favor del Pronunciamiento del Uso de Agroqu\u00edmicos emitido en la 87 Sesi\u00f3n Ordinaria del Consejo Estatal de Ecolog\u00eda (Coeeco).<br \/>\nA nombre del titular de la dependencia, Juan Carlos Vega Sol\u00f3rzano,\u00a0\u00a0el secretario t\u00e9cnico de ProAm, Arturo Ch\u00e1vez Carmona, se\u00f1al\u00f3 que el uso y la falta de regulaci\u00f3n de agroqu\u00edmicos provocan graves da\u00f1os a la salud, como malformaciones cong\u00e9nitas e intoxicaciones, sobre todo en regiones con vocaci\u00f3n agroalimentaria.<\/p>\n<p>Destac\u00f3 la importancia de alinear normativamente a las dependencias de gobierno que trabajan para este sector, por lo que resulta necesaria la realizaci\u00f3n de un foro con autoridades estatales y federales en el que se les den a conocer las recomendaciones emitidas por el Coeeco.<\/p>\n<p>Ch\u00e1vez Carmona indic\u00f3 que los programas y pol\u00edticas p\u00fablicas del estado tienen que realizarse tomando en cuenta las recomendaciones del Coeeco, toda vez que tiene todas las bases jur\u00eddicas y acad\u00e9micas para emitir medidas necesarias en favor de nuestra sociedad y del medio ambiente.<\/p>\n<p>De igual manera, resalt\u00f3 la importancia de la participaci\u00f3n ciudadana, \u201cpues sin ella no se podr\u00e1 avanzar en la toma de decisiones en el pa\u00eds y en el estado\u201d.<\/p>\n<p>Durante la sesi\u00f3n se integr\u00f3 a la ProAm a la Comisi\u00f3n de Conservaci\u00f3n de la Biodiversidad y se extern\u00f3 el inter\u00e9s de la dependencia a la parte de educaci\u00f3n ambiental en escuelas, a trav\u00e9s de talleres sobre c\u00f3mo elaborar una denuncia ambiental.<\/p>\n","protected":false},"excerpt":{"rendered":"<p>La Procuradur\u00eda de Protecci\u00f3n al Ambiente Ambiental (ProAm) de Michoac\u00e1n se manifest\u00f3 a favor del Pronunciamiento del Uso de Agroqu\u00edmicos emitido en la 87 Sesi\u00f3n Ordinaria del Consejo Estatal de Ecolog\u00eda (Coeeco).<\/p>\n","protected":false},"author":1,"featured_media":32095,"comment_status":"open","ping_status":"open","sticky":false,"template":"","format":"standard","meta":{"footnotes":""},"categories":[14,3],"tags":[],"class_list":["post-32094","post","type-post","status-publish","format-standard","has-post-thumbnail","hentry","category-destacadas","category-gobierno-del-estado-de-michoacan"],"_links":{"self":[{"href":"https:\/\/radiowebmx.com\/nota\/wp-json\/wp\/v2\/posts\/32094","targetHints":{"allow":["GET"]}}],"collection":[{"href":"https:\/\/radiowebmx.com\/nota\/wp-json\/wp\/v2\/posts"}],"about":[{"href":"https:\/\/radiowebmx.com\/nota\/wp-json\/wp\/v2\/types\/post"}],"author":[{"embeddable":true,"href":"https:\/\/radiowebmx.com\/nota\/wp-json\/wp\/v2\/users\/1"}],"replies":[{"embeddable":true,"href":"https:\/\/radiowebmx.com\/nota\/wp-json\/wp\/v2\/comments?post=32094"}],"version-history":[{"count":1,"href":"https:\/\/radiowebmx.com\/nota\/wp-json\/wp\/v2\/posts\/32094\/revisions"}],"predecessor-version":[{"id":32096,"href":"https:\/\/radiowebmx.com\/nota\/wp-json\/wp\/v2\/posts\/32094\/revisions\/32096"}],"wp:featuredmedia":[{"embeddable":true,"href":"https:\/\/radiowebmx.com\/nota\/wp-json\/wp\/v2\/media\/32095"}],"wp:attachment":[{"href":"https:\/\/radiowebmx.com\/nota\/wp-json\/wp\/v2\/media?parent=32094"}],"wp:term":[{"taxonomy":"category","embeddable":true,"href":"https:\/\/radiowebmx.com\/nota\/wp-json\/wp\/v2\/categories?post=32094"},{"taxonomy":"post_tag","embeddable":true,"href":"https:\/\/radiowebmx.com\/nota\/wp-json\/wp\/v2\/tags?post=32094"}],"curies":[{"name":"wp","href":"https:\/\/api.w.org\/{rel}","templated":true}]}}