{"id":32090,"date":"2017-03-02T11:45:24","date_gmt":"2017-03-02T17:45:24","guid":{"rendered":"https:\/\/radiowebmx.com\/nota\/?p=32090"},"modified":"2017-03-02T11:45:24","modified_gmt":"2017-03-02T17:45:24","slug":"umsnh-y-see-no-pueden-ser-fiscalizadas-derivado-de-paros-macarena-chavez","status":"publish","type":"post","link":"https:\/\/radiowebmx.com\/nota\/umsnh-y-see-no-pueden-ser-fiscalizadas-derivado-de-paros-macarena-chavez\/","title":{"rendered":"UMSNH y SEE no pueden ser fiscalizadas derivado de paros: Macarena Ch\u00e1vez"},"content":{"rendered":"<p class=\"x_MsoNormal\"><img loading=\"lazy\" decoding=\"async\" class=\"alignleft size-full wp-image-32091\" src=\"https:\/\/radiowebmx.com\/nota\/wp-content\/uploads\/2017\/03\/thumbnail_Comunicado-292.jpg\" alt=\"thumbnail_Comunicado 292\" width=\"709\" height=\"472\" srcset=\"https:\/\/radiowebmx.com\/nota\/wp-content\/uploads\/2017\/03\/thumbnail_Comunicado-292.jpg 709w, https:\/\/radiowebmx.com\/nota\/wp-content\/uploads\/2017\/03\/thumbnail_Comunicado-292-300x200.jpg 300w\" sizes=\"auto, (max-width: 709px) 100vw, 709px\" \/><\/p>\n<p class=\"x_MsoNormal\">\n<p class=\"x_MsoNormal\"><b>Morelia; Michoac\u00e1n, 28 de febrero de 2017.-<\/b><b> <\/b>Al instalar las comisiones unidas de Inspectora de la Auditor\u00eda Superior de Michoac\u00e1n y de Programaci\u00f3n, Presupuesto y Cuenta P\u00fablica, la diputada por el Partido Acci\u00f3n Nacional, Macarena Ch\u00e1vez Flores, asegur\u00f3 que ser\u00e1 de forma permanente y exhaustiva como se revisar\u00e1 el informe de resultados de la Cuenta P\u00fablica de Michoac\u00e1n, as\u00ed como de los municipios, al tiempo inform\u00f3 que la Universidad Michoacana de San Nicol\u00e1s de Hidalgo y la Secretar\u00eda de Educaci\u00f3n P\u00fablica no pueden ser fiscalizadas.<\/p>\n<p class=\"x_MsoNormal\">\n<p class=\"x_MsoNormal\">Ch\u00e1vez Flores indic\u00f3 que en el Plan Anual de Fiscalizaci\u00f3n se incluy\u00f3 a ambas instituciones, no obstante en el Informe de Resultados de la Cuenta P\u00fablica Estatal al Ejercicio Fiscal 2015, se report\u00f3 por parte de la Auditor\u00eda Superior de Michoac\u00e1n (ASM), que no se pudo fiscalizar a los dos sujetos referidos, derivado de las constantes tomas que durante el a\u00f1o han tenido sus instalaciones.<\/p>\n<p class=\"x_MsoNormal\">\n<p class=\"x_MsoNormal\">En el mismo sentido, la diputada agreg\u00f3 que en un primer ejercicio las dependencias auditadas ya han tenido observaciones.<\/p>\n<p class=\"x_MsoNormal\">\n<p class=\"x_MsoNormal\">\u201cEn consecuencia, comenzamos una jornada intensa para analizar cada una de las observaciones de los sujetos obligados, adem\u00e1s de identificar las mayores incidencias, hasta este momento donde m\u00e1s hemos detectado irregularidades es en lo que hace a la obra p\u00fablica, por lo que tenemos que estar muy pendientes de lo que sucede\u201d.<\/p>\n<p class=\"x_MsoNormal\">\n<p class=\"x_MsoNormal\">La legisladora indic\u00f3 que los michoacanos requieren que el gasto p\u00fablico se lleve a cabo de manera transparente y con la mayor eficiencia, toda vez que las finanzas estatales se encuentran muy golpeadas y la situaci\u00f3n econ\u00f3mica del estado atraviesa por situaciones complicadas.<\/p>\n<p class=\"x_MsoNormal\">\n","protected":false},"excerpt":{"rendered":"<p>Al instalar las comisiones unidas de Inspectora de la Auditor\u00eda Superior de Michoac\u00e1n y de Programaci\u00f3n, Presupuesto y Cuenta P\u00fablica, la diputada por el Partido Acci\u00f3n Nacional, Macarena Ch\u00e1vez Flores, asegur\u00f3 que ser\u00e1 de forma permanente y exhaustiva como se revisar\u00e1 el informe de resultados de la Cuenta P\u00fablica de Michoac\u00e1n, as\u00ed como de los municipios, al tiempo inform\u00f3 que la Universidad Michoacana de San Nicol\u00e1s de Hidalgo y la Secretar\u00eda de Educaci\u00f3n P\u00fablica no pueden ser fiscalizadas.<\/p>\n","protected":false},"author":1,"featured_media":32091,"comment_status":"open","ping_status":"open","sticky":false,"template":"","format":"standard","meta":{"footnotes":""},"categories":[6,14,8],"tags":[],"class_list":["post-32090","post","type-post","status-publish","format-standard","has-post-thumbnail","hentry","category-congreso-del-estado","category-destacadas","category-grupo-parlamentario-del-pan"],"_links":{"self":[{"href":"https:\/\/radiowebmx.com\/nota\/wp-json\/wp\/v2\/posts\/32090","targetHints":{"allow":["GET"]}}],"collection":[{"href":"https:\/\/radiowebmx.com\/nota\/wp-json\/wp\/v2\/posts"}],"about":[{"href":"https:\/\/radiowebmx.com\/nota\/wp-json\/wp\/v2\/types\/post"}],"author":[{"embeddable":true,"href":"https:\/\/radiowebmx.com\/nota\/wp-json\/wp\/v2\/users\/1"}],"replies":[{"embeddable":true,"href":"https:\/\/radiowebmx.com\/nota\/wp-json\/wp\/v2\/comments?post=32090"}],"version-history":[{"count":1,"href":"https:\/\/radiowebmx.com\/nota\/wp-json\/wp\/v2\/posts\/32090\/revisions"}],"predecessor-version":[{"id":32092,"href":"https:\/\/radiowebmx.com\/nota\/wp-json\/wp\/v2\/posts\/32090\/revisions\/32092"}],"wp:featuredmedia":[{"embeddable":true,"href":"https:\/\/radiowebmx.com\/nota\/wp-json\/wp\/v2\/media\/32091"}],"wp:attachment":[{"href":"https:\/\/radiowebmx.com\/nota\/wp-json\/wp\/v2\/media?parent=32090"}],"wp:term":[{"taxonomy":"category","embeddable":true,"href":"https:\/\/radiowebmx.com\/nota\/wp-json\/wp\/v2\/categories?post=32090"},{"taxonomy":"post_tag","embeddable":true,"href":"https:\/\/radiowebmx.com\/nota\/wp-json\/wp\/v2\/tags?post=32090"}],"curies":[{"name":"wp","href":"https:\/\/api.w.org\/{rel}","templated":true}]}}