{"id":32084,"date":"2017-03-02T11:39:59","date_gmt":"2017-03-02T17:39:59","guid":{"rendered":"https:\/\/radiowebmx.com\/nota\/?p=32084"},"modified":"2017-03-02T11:39:59","modified_gmt":"2017-03-02T17:39:59","slug":"por-ley-mayores-recursos-a-ciencia-y-tecnologia-roberto-maldonado-2","status":"publish","type":"post","link":"https:\/\/radiowebmx.com\/nota\/por-ley-mayores-recursos-a-ciencia-y-tecnologia-roberto-maldonado-2\/","title":{"rendered":"Por ley, mayores recursos a ciencia y tecnolog\u00eda: Roberto Maldonado"},"content":{"rendered":"<p class=\"x_MsoNormal\"><img loading=\"lazy\" decoding=\"async\" class=\"alignleft size-full wp-image-32085\" src=\"https:\/\/radiowebmx.com\/nota\/wp-content\/uploads\/2017\/03\/thumbnail_Comunicado-294_1.jpg\" alt=\"thumbnail_Comunicado 294_1\" width=\"709\" height=\"472\" srcset=\"https:\/\/radiowebmx.com\/nota\/wp-content\/uploads\/2017\/03\/thumbnail_Comunicado-294_1.jpg 709w, https:\/\/radiowebmx.com\/nota\/wp-content\/uploads\/2017\/03\/thumbnail_Comunicado-294_1-300x200.jpg 300w\" sizes=\"auto, (max-width: 709px) 100vw, 709px\" \/><\/p>\n<p class=\"x_MsoNormal\">\n<p class=\"x_MsoNormal\"><b>Morelia, Michoac\u00e1n, 01 de marzo de 2017.- <\/b>\u201cEl presupuesto asignado a la Secretaria de Innovaci\u00f3n, Ciencia y Desarrollo Tecnol\u00f3gico, deber\u00e1 destinarse a inversi\u00f3n y proyectos productivos, lo que se\u00a0traducir\u00e1 en una mayor competitividad y bienestar social de la poblaci\u00f3n\u201d, sostuvo el diputado Roberto Maldonado, presidente de la Comisi\u00f3n de Ciencia, Tecnolog\u00eda e Innovaci\u00f3n en el Congreso del Estado.<\/p>\n<p class=\"x_MsoNormal\">Lo anterior, durante la exposici\u00f3n de la Iniciativa de Ley de Innovaci\u00f3n, Ciencia y Desarrollo Tecnol\u00f3gico del Estado de Michoac\u00e1n, que presentar\u00e1 ante el Pleno, a nombre de los diputados Yarab\u00ed \u00c1vila y Daniel Moncada, integrantes de la Comisi\u00f3n de Ciencia, Tecnolog\u00eda e Innovaci\u00f3n, que preside.<\/p>\n<p class=\"x_MsoNormal\">Al respecto, el diputado Roberto Maldonado explic\u00f3 que se trata de una iniciativa integral, que dar\u00e1 transparencia y certidumbre, respecto al uso y asignaci\u00f3n de los recursos p\u00fablicos que se destinan a este rubro; y que adicionalmente permitir\u00e1 profesionalizar la labor de la Secretar\u00eda mediante la designaci\u00f3n de perfiles adecuados en la titularidad y cargos directivos de la instituci\u00f3n.<\/p>\n<p class=\"x_MsoNormal\">Asimismo, se plantea la inclusi\u00f3n de un Consejo Consultivo Ciudadano, integrado por los sectores acad\u00e9mico, productivo y gubernamental, as\u00ed como por organizaciones sociales, que tendr\u00e1 facultades para analizar, consensuar, proponer y evaluar programas, estrategias, acciones e inversiones para el cumplimiento de las pol\u00edticas en innovaci\u00f3n, ciencia y desarrollo tecnol\u00f3gico.<\/p>\n<p class=\"x_MsoNormal\">Por su parte, la diputada Yarab\u00ed \u00c1vila, a\u00f1adi\u00f3 que la iniciativa propone acercar a las ni\u00f1as, ni\u00f1os, y adolescentes a la ciencia, \u201cse trata de brindar apoyo a los ni\u00f1os talentos, que no cuentan con recursos para explotar sus capacidades; ya que en ocasiones las becas se utilizan con fines pol\u00edticos, por lo tanto, buscamos que este nuevo proyecto de ciencia e innovaci\u00f3n no sea una simulaci\u00f3n para el ciudadano\u201d.<\/p>\n<p class=\"x_MsoNormal\">En su oportunidad, Daniel Moncada destac\u00f3 que se trata de una iniciativa vinculante que posibilitar\u00e1 la incorporaci\u00f3n del desarrollo tecnol\u00f3gico, investigaci\u00f3n e innovaci\u00f3n a los procesos productivos, que sentar\u00e1 las bases para que Michoac\u00e1n se convierta en un polo de desarrollo econ\u00f3mico a partir de la ciencia, la tecnolog\u00eda y la innovaci\u00f3n.<\/p>\n<p class=\"x_MsoNormal\">\u201cHoy todo mundo habla de muros, pero la mejor forma de desmontar la desigualdad es a partir de la ciencia y la tecnolog\u00eda, necesitamos que compren nuestros productos, nuestras patentes, que consuman nuestra innovaci\u00f3n; ese es el reto que hoy plantea esta nueva ley, que a partir de su aprobaci\u00f3n ser\u00e1 la m\u00e1s completa y de vanguardia en todo el territorio nacional\u201d.<\/p>\n","protected":false},"excerpt":{"rendered":"<p>\u201cEl presupuesto asignado a la Secretaria de Innovaci\u00f3n, Ciencia y Desarrollo Tecnol\u00f3gico, deber\u00e1 destinarse a inversi\u00f3n y proyectos productivos, lo que se traducir\u00e1 en una mayor competitividad y bienestar social de la poblaci\u00f3n\u201d, sostuvo el diputado Roberto Maldonado, presidente de la Comisi\u00f3n de Ciencia, Tecnolog\u00eda e Innovaci\u00f3n en el Congreso del Estado.<\/p>\n","protected":false},"author":1,"featured_media":32085,"comment_status":"open","ping_status":"open","sticky":false,"template":"","format":"standard","meta":{"footnotes":""},"categories":[6,14],"tags":[],"class_list":["post-32084","post","type-post","status-publish","format-standard","has-post-thumbnail","hentry","category-congreso-del-estado","category-destacadas"],"_links":{"self":[{"href":"https:\/\/radiowebmx.com\/nota\/wp-json\/wp\/v2\/posts\/32084","targetHints":{"allow":["GET"]}}],"collection":[{"href":"https:\/\/radiowebmx.com\/nota\/wp-json\/wp\/v2\/posts"}],"about":[{"href":"https:\/\/radiowebmx.com\/nota\/wp-json\/wp\/v2\/types\/post"}],"author":[{"embeddable":true,"href":"https:\/\/radiowebmx.com\/nota\/wp-json\/wp\/v2\/users\/1"}],"replies":[{"embeddable":true,"href":"https:\/\/radiowebmx.com\/nota\/wp-json\/wp\/v2\/comments?post=32084"}],"version-history":[{"count":1,"href":"https:\/\/radiowebmx.com\/nota\/wp-json\/wp\/v2\/posts\/32084\/revisions"}],"predecessor-version":[{"id":32086,"href":"https:\/\/radiowebmx.com\/nota\/wp-json\/wp\/v2\/posts\/32084\/revisions\/32086"}],"wp:featuredmedia":[{"embeddable":true,"href":"https:\/\/radiowebmx.com\/nota\/wp-json\/wp\/v2\/media\/32085"}],"wp:attachment":[{"href":"https:\/\/radiowebmx.com\/nota\/wp-json\/wp\/v2\/media?parent=32084"}],"wp:term":[{"taxonomy":"category","embeddable":true,"href":"https:\/\/radiowebmx.com\/nota\/wp-json\/wp\/v2\/categories?post=32084"},{"taxonomy":"post_tag","embeddable":true,"href":"https:\/\/radiowebmx.com\/nota\/wp-json\/wp\/v2\/tags?post=32084"}],"curies":[{"name":"wp","href":"https:\/\/api.w.org\/{rel}","templated":true}]}}