{"id":32081,"date":"2017-03-02T11:37:43","date_gmt":"2017-03-02T17:37:43","guid":{"rendered":"https:\/\/radiowebmx.com\/nota\/?p=32081"},"modified":"2017-03-02T11:37:43","modified_gmt":"2017-03-02T17:37:43","slug":"propone-raymundo-arreola-fortalecer-la-alerta-de-discriminacion-y-violencia","status":"publish","type":"post","link":"https:\/\/radiowebmx.com\/nota\/propone-raymundo-arreola-fortalecer-la-alerta-de-discriminacion-y-violencia\/","title":{"rendered":"Propone Raymundo Arreola fortalecer la alerta de Discriminaci\u00f3n y Violencia"},"content":{"rendered":"<p class=\"x_MsoNormal\"><img loading=\"lazy\" decoding=\"async\" class=\"alignleft size-full wp-image-32082\" src=\"https:\/\/radiowebmx.com\/nota\/wp-content\/uploads\/2017\/03\/thumbnail_Comunicado-297.jpg\" alt=\"thumbnail_Comunicado 297\" width=\"709\" height=\"472\" srcset=\"https:\/\/radiowebmx.com\/nota\/wp-content\/uploads\/2017\/03\/thumbnail_Comunicado-297.jpg 709w, https:\/\/radiowebmx.com\/nota\/wp-content\/uploads\/2017\/03\/thumbnail_Comunicado-297-300x200.jpg 300w\" sizes=\"auto, (max-width: 709px) 100vw, 709px\" \/><\/p>\n<p class=\"x_MsoNormal\"><b>Morelia, Michoac\u00e1n, 01 de marzo de 2017.- <\/b>\u201cExiste la necesidad del robustecimiento de la Alerta de Discriminaci\u00f3n y Violencia en el estado, a efecto de que el Ejecutivo del Estado y las autoridades de cada uno de los municipios, por mandato legal, establezcan pol\u00edticas p\u00fablicas emergentes en caso de que se emita dicha alerta y proteger de manera espec\u00edfica y especial a las v\u00edctimas de la violencia y\/o discriminaci\u00f3n\u201d, sentenci\u00f3 el diputado Raymundo Arreola Ortega, quien este jueves presentar\u00e1 ante el pleno del Congreso la iniciativa\u00a0<span lang=\"ES-TRAD\">de decreto por el que se reforman los art\u00edculos\u00a0\u00a015 y 18; y se adicionan los\u00a0\u00a0art\u00edculos 14 Bis, 15 Bis, 16 Bis y 18 Bis, de la Ley Para Prevenir y Eliminar la Discriminaci\u00f3n y la Violencia en el Estado de Michoac\u00e1n de Ocampo.<\/span><\/p>\n<p class=\"x_MsoNormal\">Lo anterior, dijo, con el objetivo de establecer de manera clara los objetivos fundamentales con la emisi\u00f3n de la alerta y conformar un grupo multidisciplinario e interinstitucional, el cual dar\u00e1 seguimiento puntual de los programas implementados a efecto de que \u00e9stos sean efectivos en cuanto a la finalidad para la cual fueron creados.<\/p>\n<p class=\"x_MsoNormal\">El diputado integrante del Grupo Parlamentario del PRI en el Congreso del Estado agreg\u00f3 que si bien es cierto que se estima adecuado que sea el titular del Poder Ejecutivo el que emita la alerta, tambi\u00e9n es cierto que se deja fuera del procedimiento a la Comisi\u00f3n Estatal de los Derechos Humanos, ya que es \u00e9ste organismo constitucional aut\u00f3nomo es el que tiene conocimiento de las violaciones a los Derechos Humanos y en determinado momento sabe cu\u00e1ndo y d\u00f3nde se est\u00e1n presentando de manera generalizada y sistem\u00e1tica las violaciones a los mismos, ya sea por discriminaci\u00f3n o violencia.<\/p>\n<p class=\"x_MsoNormal\">\u201cSin embargo no se encuentra contemplada en la Ley como instituci\u00f3n que pueda solicitar la declaratoria de alerta de discriminaci\u00f3n y violencia o siquiera como autoridad que d\u00e9 acompa\u00f1amiento y supervisi\u00f3n para la eficacia de las pol\u00edticas p\u00fablicas emergentes encaminadas a erradicar esta conducta, aunado a que contempla de manera generalizada la Alerta pero no precisa en que consiste la misma, de ah\u00ed la necesidad de establecer en el marco normativo de manera\u00a0\u00a0clara y perfectamente delimitada los alcances de dicha figura emergente\u201d, explic\u00f3 el diputado por el Distrito de M\u00fajica.<\/p>\n<p class=\"x_MsoNormal\">Al establecer el marco normativo, dijo, se dota de la fuerza necesaria al actuar del Ejecutivo y se da certeza jur\u00eddica para todos los gobernados de que existe un procedimiento bien delimitado para resarcir los da\u00f1os ocasionados por estos fen\u00f3menos.<\/p>\n<p class=\"x_MsoNormal\"><span lang=\"ES-TRAD\">Record\u00f3 que e<\/span>n 2009 se public\u00f3 la Ley Para Prevenir y Eliminar la Discriminaci\u00f3n y la Violencia en el Estado de Michoac\u00e1n de Ocampo con el objetivo de cambiar la realidad de Michoac\u00e1n en cuanto\u00a0\u00a0a los fen\u00f3menos de violencia y discriminaci\u00f3n que privan en el estado, estableciendo una figura de emergencia cuando se presenta de manera significativa alguno de estos fen\u00f3menos que la propia ley pretende erradicar, como lo es, la Alerta de Discriminaci\u00f3n y Violencia.<\/p>\n","protected":false},"excerpt":{"rendered":"<p> \u201cExiste la necesidad del robustecimiento de la Alerta de Discriminaci\u00f3n y Violencia en el estado, a efecto de que el Ejecutivo del Estado y las autoridades de cada uno de los municipios, por mandato legal, establezcan pol\u00edticas p\u00fablicas emergentes en caso de que se emita dicha alerta y proteger de manera espec\u00edfica y especial a las v\u00edctimas de la violencia y\/o discriminaci\u00f3n\u201d<\/p>\n","protected":false},"author":1,"featured_media":32082,"comment_status":"open","ping_status":"open","sticky":false,"template":"","format":"standard","meta":{"footnotes":""},"categories":[6,14,7],"tags":[],"class_list":["post-32081","post","type-post","status-publish","format-standard","has-post-thumbnail","hentry","category-congreso-del-estado","category-destacadas","category-grupo-parlamentario-del-pri"],"_links":{"self":[{"href":"https:\/\/radiowebmx.com\/nota\/wp-json\/wp\/v2\/posts\/32081","targetHints":{"allow":["GET"]}}],"collection":[{"href":"https:\/\/radiowebmx.com\/nota\/wp-json\/wp\/v2\/posts"}],"about":[{"href":"https:\/\/radiowebmx.com\/nota\/wp-json\/wp\/v2\/types\/post"}],"author":[{"embeddable":true,"href":"https:\/\/radiowebmx.com\/nota\/wp-json\/wp\/v2\/users\/1"}],"replies":[{"embeddable":true,"href":"https:\/\/radiowebmx.com\/nota\/wp-json\/wp\/v2\/comments?post=32081"}],"version-history":[{"count":1,"href":"https:\/\/radiowebmx.com\/nota\/wp-json\/wp\/v2\/posts\/32081\/revisions"}],"predecessor-version":[{"id":32083,"href":"https:\/\/radiowebmx.com\/nota\/wp-json\/wp\/v2\/posts\/32081\/revisions\/32083"}],"wp:featuredmedia":[{"embeddable":true,"href":"https:\/\/radiowebmx.com\/nota\/wp-json\/wp\/v2\/media\/32082"}],"wp:attachment":[{"href":"https:\/\/radiowebmx.com\/nota\/wp-json\/wp\/v2\/media?parent=32081"}],"wp:term":[{"taxonomy":"category","embeddable":true,"href":"https:\/\/radiowebmx.com\/nota\/wp-json\/wp\/v2\/categories?post=32081"},{"taxonomy":"post_tag","embeddable":true,"href":"https:\/\/radiowebmx.com\/nota\/wp-json\/wp\/v2\/tags?post=32081"}],"curies":[{"name":"wp","href":"https:\/\/api.w.org\/{rel}","templated":true}]}}