{"id":32078,"date":"2017-03-02T11:35:39","date_gmt":"2017-03-02T17:35:39","guid":{"rendered":"https:\/\/radiowebmx.com\/nota\/?p=32078"},"modified":"2017-03-02T11:35:39","modified_gmt":"2017-03-02T17:35:39","slug":"deficiencia-en-banco-de-datos-impide-a-las-autoridades-visualizar-problematica-de-genero-andrea-villanueva","status":"publish","type":"post","link":"https:\/\/radiowebmx.com\/nota\/deficiencia-en-banco-de-datos-impide-a-las-autoridades-visualizar-problematica-de-genero-andrea-villanueva\/","title":{"rendered":"Deficiencia en banco de datos impide a las autoridades visualizar problem\u00e1tica de g\u00e9nero: Andrea Villanueva"},"content":{"rendered":"<p class=\"x_MsoNormal\"><img loading=\"lazy\" decoding=\"async\" class=\"alignleft size-full wp-image-32079\" src=\"https:\/\/radiowebmx.com\/nota\/wp-content\/uploads\/2017\/03\/thumbnail_Comunicado-296.jpg\" alt=\"thumbnail_Comunicado 296\" width=\"709\" height=\"472\" srcset=\"https:\/\/radiowebmx.com\/nota\/wp-content\/uploads\/2017\/03\/thumbnail_Comunicado-296.jpg 709w, https:\/\/radiowebmx.com\/nota\/wp-content\/uploads\/2017\/03\/thumbnail_Comunicado-296-300x200.jpg 300w\" sizes=\"auto, (max-width: 709px) 100vw, 709px\" \/><\/p>\n<p class=\"x_MsoNormal\"><b>Morelia; Michoac\u00e1n, 01 de marzo de 2017<\/b>.-\u00a0\u00a0 En la antesala del D\u00eda Internacional de la Mujer, la diputada panista Andrea Villanueva Cano pidi\u00f3 mayor compromiso a las instancias responsables de la implementaci\u00f3n y ejecuci\u00f3n de la Alerta de G\u00e9nero en Michoac\u00e1n, para redoblar esfuerzos en la promoci\u00f3n de una cultura de prevenci\u00f3n y de atenci\u00f3n ante cualquier se\u00f1al de acoso y agresi\u00f3n en contra de las michoacanas.<\/p>\n<p class=\"x_MsoNormal\">La representante del Distrito XVII de Morelia y promotora de diversas reformas que imponen mayores sanciones a quien atente contra la integridad de una mujer, consider\u00f3 necesario trabajar de manera coordinada, sobre todo con instancias como la Procuradur\u00eda General de Justicia del Estado, para que los culpables no queden impunes y se logre el esclarecimiento de cada uno de los asesinatos de mujeres.<\/p>\n<p class=\"x_MsoNormal\">Indic\u00f3 que a m\u00e1s de 6 meses de que se implementara la Alerta de G\u00e9nero en la entidad, siguen sum\u00e1ndose ataques contra la vida de las michoacanas, la mayor\u00eda de los cuales se relacionan con una violencia sistem\u00e1tica proveniente de su entorno social y sobre todo, del seno familiar.<\/p>\n<p class=\"x_MsoNormal\">\u201cOtro de los elementos que me preocupa es la deficiencia de informaci\u00f3n que padece el Banco Estatal de Datos e Informaci\u00f3n sobre Casos de Violencia contra las Mujeres (BANESVIM), la cual impide a las autoridades, entre otras cosas, visualizar las razones por las cuales no se ha logrado contener la violencia de g\u00e9nero y con ello tomar acciones que reviertan y detengan los asesinatos contra mujeres\u201d, apunt\u00f3 la legisladora local.<\/p>\n<p class=\"x_MsoNormal\">De lo anterior, Villanueva Cano reiter\u00f3 el llamado y la disposici\u00f3n del Congreso local para sumar esfuerzos en la promoci\u00f3n efectiva de una cultura de igualdad y respeto entre hombres y mujeres, reiterando su inter\u00e9s que dicha cultura de prevenci\u00f3n se lleve a todos los niveles educativos para atacar desde el entorno familiar, actitudes que incitan a la discriminaci\u00f3n y violencia en sus diversas formas.<\/p>\n<p class=\"x_MsoNormal\">Finalmente Andrea Villanueva llam\u00f3 a la sociedad civil y a los distintos niveles de gobierno a combinar esfuerzos por la erradicaci\u00f3n de estereotipos que relegan a la mujer, as\u00ed como a brindarles inclusi\u00f3n y oportunidades que les garanticen el respeto mutuo y la no violencia.<\/p>\n","protected":false},"excerpt":{"rendered":"<p>En la antesala del D\u00eda Internacional de la Mujer, la diputada panista Andrea Villanueva Cano pidi\u00f3 mayor compromiso a las instancias responsables de la implementaci\u00f3n y ejecuci\u00f3n de la Alerta de G\u00e9nero en Michoac\u00e1n, para redoblar esfuerzos en la promoci\u00f3n de una cultura de prevenci\u00f3n y de atenci\u00f3n ante cualquier se\u00f1al de acoso y agresi\u00f3n en contra de las michoacanas.<\/p>\n","protected":false},"author":1,"featured_media":32079,"comment_status":"open","ping_status":"open","sticky":false,"template":"","format":"standard","meta":{"footnotes":""},"categories":[6,14,8],"tags":[],"class_list":["post-32078","post","type-post","status-publish","format-standard","has-post-thumbnail","hentry","category-congreso-del-estado","category-destacadas","category-grupo-parlamentario-del-pan"],"_links":{"self":[{"href":"https:\/\/radiowebmx.com\/nota\/wp-json\/wp\/v2\/posts\/32078","targetHints":{"allow":["GET"]}}],"collection":[{"href":"https:\/\/radiowebmx.com\/nota\/wp-json\/wp\/v2\/posts"}],"about":[{"href":"https:\/\/radiowebmx.com\/nota\/wp-json\/wp\/v2\/types\/post"}],"author":[{"embeddable":true,"href":"https:\/\/radiowebmx.com\/nota\/wp-json\/wp\/v2\/users\/1"}],"replies":[{"embeddable":true,"href":"https:\/\/radiowebmx.com\/nota\/wp-json\/wp\/v2\/comments?post=32078"}],"version-history":[{"count":1,"href":"https:\/\/radiowebmx.com\/nota\/wp-json\/wp\/v2\/posts\/32078\/revisions"}],"predecessor-version":[{"id":32080,"href":"https:\/\/radiowebmx.com\/nota\/wp-json\/wp\/v2\/posts\/32078\/revisions\/32080"}],"wp:featuredmedia":[{"embeddable":true,"href":"https:\/\/radiowebmx.com\/nota\/wp-json\/wp\/v2\/media\/32079"}],"wp:attachment":[{"href":"https:\/\/radiowebmx.com\/nota\/wp-json\/wp\/v2\/media?parent=32078"}],"wp:term":[{"taxonomy":"category","embeddable":true,"href":"https:\/\/radiowebmx.com\/nota\/wp-json\/wp\/v2\/categories?post=32078"},{"taxonomy":"post_tag","embeddable":true,"href":"https:\/\/radiowebmx.com\/nota\/wp-json\/wp\/v2\/tags?post=32078"}],"curies":[{"name":"wp","href":"https:\/\/api.w.org\/{rel}","templated":true}]}}