{"id":32069,"date":"2017-03-02T11:26:01","date_gmt":"2017-03-02T17:26:01","guid":{"rendered":"https:\/\/radiowebmx.com\/nota\/?p=32069"},"modified":"2017-03-02T11:26:01","modified_gmt":"2017-03-02T17:26:01","slug":"sea-mando-unico-o-no-los-morelianos-exigen-seguridad-carlos-quintana","status":"publish","type":"post","link":"https:\/\/radiowebmx.com\/nota\/sea-mando-unico-o-no-los-morelianos-exigen-seguridad-carlos-quintana\/","title":{"rendered":"Sea Mando \u00danico o no, los morelianos exigen  seguridad: Carlos Quintana"},"content":{"rendered":"<p class=\"x_MsoNormal\"><img loading=\"lazy\" decoding=\"async\" class=\"alignleft size-full wp-image-32070\" src=\"https:\/\/radiowebmx.com\/nota\/wp-content\/uploads\/2017\/03\/Comunicado-293-1.jpg\" alt=\"Comunicado 293 (1)\" width=\"709\" height=\"398\" srcset=\"https:\/\/radiowebmx.com\/nota\/wp-content\/uploads\/2017\/03\/Comunicado-293-1.jpg 709w, https:\/\/radiowebmx.com\/nota\/wp-content\/uploads\/2017\/03\/Comunicado-293-1-300x168.jpg 300w, https:\/\/radiowebmx.com\/nota\/wp-content\/uploads\/2017\/03\/Comunicado-293-1-284x158.jpg 284w, https:\/\/radiowebmx.com\/nota\/wp-content\/uploads\/2017\/03\/Comunicado-293-1-128x72.jpg 128w\" sizes=\"auto, (max-width: 709px) 100vw, 709px\" \/><\/p>\n<p class=\"x_MsoNormal\"><b>Morelia; Michoac\u00e1n, 01 de marzo de 2017<\/b>.-\u00a0\u00a0 M\u00e1s all\u00e1 de ideolog\u00edas partidistas y posturas divididas, es momento de que todos los niveles encuentren en sus coincidencias, la oportunidad de coordinar esfuerzos que permitan reducir los altos \u00edndices de criminalidad que padece la capital del estado.<\/p>\n<p class=\"x_MsoNormal\">As\u00ed lo se\u00f1al\u00f3 el diputado oriundo de Morelia, Carlos Quintana Mart\u00ednez, quien se dijo dispuesto a fungir como interlocutor desde el Congreso del Estado para que las autoridades estatales y municipales establezcan los acuerdos necesarios y se implemente una estrategia de seguridad efectiva y apegada a lo que mandatan las leyes tanto federales como estatales en el rubro.<\/p>\n<p class=\"x_MsoNormal\">Reconoci\u00f3 que la falta de coordinaci\u00f3n entre las corporaciones polic\u00edacas podr\u00eda generar mayor confusi\u00f3n respecto a las competencias y acciones que debe llevar a cabo cada una, sean del orden federal, estatal o municipal, por lo que hizo votos para que se mantenga una comunicaci\u00f3n permanente que permita avanzar y dar resultados a la ciudadan\u00eda.<\/p>\n<p class=\"x_MsoNormal\">\u201cPara lograr que Morelia deje de ser la ciudad de todo el estado con mayor n\u00famero de delitos, es necesario que los distintos representantes del gobierno evaluemos si las estrategias actuales est\u00e1n dando el resultado esperado y de no hacerlo, definamos que se queda y que se cambia, siempre anteponiendo el mayor beneficio para los morelianos\u201d, cit\u00f3 el legislador.<\/p>\n<p class=\"x_MsoNormal\">Quintana Mart\u00ednez tambi\u00e9n apunt\u00f3 la urgencia de implementar una polic\u00eda profesionalizada, bien remunerada pero sobre todo de proximidad, que trabaje con un compromiso absoluto y se mantenga cercana a la ciudadan\u00eda, logrando as\u00ed que sociedad y gobierno se unan en un frente com\u00fan contra la delincuencia y por la seguridad de nuestras familias.<\/p>\n","protected":false},"excerpt":{"rendered":"<p>M\u00e1s all\u00e1 de ideolog\u00edas partidistas y posturas divididas, es momento de que todos los niveles encuentren en sus coincidencias, la oportunidad de coordinar esfuerzos que permitan reducir los altos \u00edndices de criminalidad que padece la capital del estado.<\/p>\n","protected":false},"author":1,"featured_media":32070,"comment_status":"open","ping_status":"open","sticky":false,"template":"","format":"standard","meta":{"footnotes":""},"categories":[6,14,8],"tags":[],"class_list":["post-32069","post","type-post","status-publish","format-standard","has-post-thumbnail","hentry","category-congreso-del-estado","category-destacadas","category-grupo-parlamentario-del-pan"],"_links":{"self":[{"href":"https:\/\/radiowebmx.com\/nota\/wp-json\/wp\/v2\/posts\/32069","targetHints":{"allow":["GET"]}}],"collection":[{"href":"https:\/\/radiowebmx.com\/nota\/wp-json\/wp\/v2\/posts"}],"about":[{"href":"https:\/\/radiowebmx.com\/nota\/wp-json\/wp\/v2\/types\/post"}],"author":[{"embeddable":true,"href":"https:\/\/radiowebmx.com\/nota\/wp-json\/wp\/v2\/users\/1"}],"replies":[{"embeddable":true,"href":"https:\/\/radiowebmx.com\/nota\/wp-json\/wp\/v2\/comments?post=32069"}],"version-history":[{"count":1,"href":"https:\/\/radiowebmx.com\/nota\/wp-json\/wp\/v2\/posts\/32069\/revisions"}],"predecessor-version":[{"id":32071,"href":"https:\/\/radiowebmx.com\/nota\/wp-json\/wp\/v2\/posts\/32069\/revisions\/32071"}],"wp:featuredmedia":[{"embeddable":true,"href":"https:\/\/radiowebmx.com\/nota\/wp-json\/wp\/v2\/media\/32070"}],"wp:attachment":[{"href":"https:\/\/radiowebmx.com\/nota\/wp-json\/wp\/v2\/media?parent=32069"}],"wp:term":[{"taxonomy":"category","embeddable":true,"href":"https:\/\/radiowebmx.com\/nota\/wp-json\/wp\/v2\/categories?post=32069"},{"taxonomy":"post_tag","embeddable":true,"href":"https:\/\/radiowebmx.com\/nota\/wp-json\/wp\/v2\/tags?post=32069"}],"curies":[{"name":"wp","href":"https:\/\/api.w.org\/{rel}","templated":true}]}}