{"id":32066,"date":"2017-03-02T11:11:36","date_gmt":"2017-03-02T17:11:36","guid":{"rendered":"https:\/\/radiowebmx.com\/nota\/?p=32066"},"modified":"2017-03-02T11:11:36","modified_gmt":"2017-03-02T17:11:36","slug":"lista-terna-para-comisario-de-la-policia-de-morelia-bernardo-leon","status":"publish","type":"post","link":"https:\/\/radiowebmx.com\/nota\/lista-terna-para-comisario-de-la-policia-de-morelia-bernardo-leon\/","title":{"rendered":"Lista, terna para Comisario de la Polic\u00eda de Morelia: Bernardo Le\u00f3n"},"content":{"rendered":"<p><img loading=\"lazy\" decoding=\"async\" class=\"alignleft size-full wp-image-32067\" src=\"https:\/\/radiowebmx.com\/nota\/wp-content\/uploads\/2017\/03\/eb0a2ca8-e5b9-42f3-ac7f-b8474167b356.jpeg\" alt=\"eb0a2ca8-e5b9-42f3-ac7f-b8474167b356\" width=\"709\" height=\"472\" srcset=\"https:\/\/radiowebmx.com\/nota\/wp-content\/uploads\/2017\/03\/eb0a2ca8-e5b9-42f3-ac7f-b8474167b356.jpeg 709w, https:\/\/radiowebmx.com\/nota\/wp-content\/uploads\/2017\/03\/eb0a2ca8-e5b9-42f3-ac7f-b8474167b356-300x200.jpeg 300w\" sizes=\"auto, (max-width: 709px) 100vw, 709px\" \/><\/p>\n<p>&nbsp;<\/p>\n<p>En un ejercicio de transparencia, el Ayuntamiento tiene lista la terna para la elecci\u00f3n del Comisario de la Polic\u00eda de Morelia, propuestas que ser\u00e1n valoradas por el cuerpo colegiado en pleno a efecto de definir al mejor perfil para que encabece la instituci\u00f3n municipal y dirija la operatividad de las estrategias en materia de seguridad y prevenci\u00f3n.<\/p>\n<p>Lo anterior, de acuerdo a la Ley Org\u00e1nica Municipal, en su Art\u00edculo 32, Fracci\u00f3n XVI bis, que establece la facultad para que el Ayuntamiento designe al Director de Seguridad P\u00fablica Municipal o su equivalente, a partir de la propuesta de terna que realice el Presidente Municipal.<\/p>\n<p>De esta forma, los perfiles que ser\u00e1n presentados son: Luis Felipe Gonz\u00e1lez Carmona, Alonso Plancarte Mar\u00edn y Julio C\u00e9sar Calder\u00f3n Vega, los tres con amplia experiencia en temas de seguridad.<\/p>\n<p>Luis Felipe Gonz\u00e1lez es el actual encargado de Despacho de la Comisar\u00eda de la Polic\u00eda de Morelia, y ha sido Coordinador General de Vialidad, Encargado de la Direcci\u00f3n Operativa de la Direcci\u00f3n de Tr\u00e1nsito y Vialidad Municipal, Comandante del Agrupamiento de Patrullas, Comandante del Escuadr\u00f3n Motorizado, Asesor de la Polic\u00eda Acreditable 1\u00b0 Generaci\u00f3n, entre otros cargos.<\/p>\n<p>Alonso Plancarte tiene el grado de Polic\u00eda Ternero, Jefe del Sector Cinco y Jefe de Turno Diurno, y actualmente cursa la Licenciatura en Derecho.<\/p>\n<p>En tanto, Julio C\u00e9sar Calder\u00f3n Vega, actualmente se desempe\u00f1a como Polic\u00eda Municipal en Morelia, ha sido tambi\u00e9n agente de seguridad interna en el Cereso \u201cDavid Franco Rodr\u00edguez\u201d, Polic\u00eda Estatal Motorizado.<\/p>\n<p>Los tres expondr\u00e1n sus planes de trabajo ante la Comisi\u00f3n Especial para la Reforma de Mando Unificado de la Polic\u00eda Municipal que encabeza la Regidora, Kathia Elena Ortiz \u00c1vila y el Comisionado Municipal de Seguridad, Bernardo Le\u00f3n Olea, en lo que ser\u00e1 el primer acercamiento para dar a conocer sus propuestas.<\/p>\n<p>De esta forma, el Ayuntamiento de Morelia da cumplimiento a un acuerdo oficial y abre espacios para que los mejores perfiles presenten sus proyectos a favor de Morelia, en una exposici\u00f3n abierta frente a los integrantes de Cabildo, para que en este ejercicio el cuerpo colegiado delibere y elija al mejor calificado.<\/p>\n<p>Actualmente, Felipe Gonz\u00e1lez Carmona funge como encargado de despacho de la Comisar\u00eda de la Polic\u00eda de Morelia, teniendo a su cargo a los 437 elementos que forman parte de la corporaci\u00f3n policial de la capital michoacana.<\/p>\n","protected":false},"excerpt":{"rendered":"<p>En un ejercicio de transparencia, el Ayuntamiento tiene lista la terna para la elecci\u00f3n del Comisario de la Polic\u00eda de Morelia, propuestas que ser\u00e1n valoradas por el cuerpo colegiado en pleno a efecto de definir al mejor perfil para que encabece la instituci\u00f3n municipal y dirija la operatividad de las estrategias en materia de seguridad y prevenci\u00f3n.<\/p>\n","protected":false},"author":1,"featured_media":32067,"comment_status":"open","ping_status":"open","sticky":false,"template":"","format":"standard","meta":{"footnotes":""},"categories":[14,9],"tags":[],"class_list":["post-32066","post","type-post","status-publish","format-standard","has-post-thumbnail","hentry","category-destacadas","category-morelia"],"_links":{"self":[{"href":"https:\/\/radiowebmx.com\/nota\/wp-json\/wp\/v2\/posts\/32066","targetHints":{"allow":["GET"]}}],"collection":[{"href":"https:\/\/radiowebmx.com\/nota\/wp-json\/wp\/v2\/posts"}],"about":[{"href":"https:\/\/radiowebmx.com\/nota\/wp-json\/wp\/v2\/types\/post"}],"author":[{"embeddable":true,"href":"https:\/\/radiowebmx.com\/nota\/wp-json\/wp\/v2\/users\/1"}],"replies":[{"embeddable":true,"href":"https:\/\/radiowebmx.com\/nota\/wp-json\/wp\/v2\/comments?post=32066"}],"version-history":[{"count":1,"href":"https:\/\/radiowebmx.com\/nota\/wp-json\/wp\/v2\/posts\/32066\/revisions"}],"predecessor-version":[{"id":32068,"href":"https:\/\/radiowebmx.com\/nota\/wp-json\/wp\/v2\/posts\/32066\/revisions\/32068"}],"wp:featuredmedia":[{"embeddable":true,"href":"https:\/\/radiowebmx.com\/nota\/wp-json\/wp\/v2\/media\/32067"}],"wp:attachment":[{"href":"https:\/\/radiowebmx.com\/nota\/wp-json\/wp\/v2\/media?parent=32066"}],"wp:term":[{"taxonomy":"category","embeddable":true,"href":"https:\/\/radiowebmx.com\/nota\/wp-json\/wp\/v2\/categories?post=32066"},{"taxonomy":"post_tag","embeddable":true,"href":"https:\/\/radiowebmx.com\/nota\/wp-json\/wp\/v2\/tags?post=32066"}],"curies":[{"name":"wp","href":"https:\/\/api.w.org\/{rel}","templated":true}]}}