{"id":32063,"date":"2017-03-02T11:08:52","date_gmt":"2017-03-02T17:08:52","guid":{"rendered":"https:\/\/radiowebmx.com\/nota\/?p=32063"},"modified":"2017-03-02T11:08:52","modified_gmt":"2017-03-02T17:08:52","slug":"este-fin-de-semana-dif-morelia-fomentara-la-cultura-de-la-no-violencia-y-la-integracion-familiar","status":"publish","type":"post","link":"https:\/\/radiowebmx.com\/nota\/este-fin-de-semana-dif-morelia-fomentara-la-cultura-de-la-no-violencia-y-la-integracion-familiar\/","title":{"rendered":"Este fin de semana DIF Morelia fomentar\u00e1 la cultura de la no violencia y la integraci\u00f3n familiar"},"content":{"rendered":"<p><img loading=\"lazy\" decoding=\"async\" class=\"alignleft size-full wp-image-32064\" src=\"https:\/\/radiowebmx.com\/nota\/wp-content\/uploads\/2017\/03\/afdbf352-d6fb-4090-85bd-9178a1f7f579.jpg\" alt=\"afdbf352-d6fb-4090-85bd-9178a1f7f579\" width=\"709\" height=\"472\" srcset=\"https:\/\/radiowebmx.com\/nota\/wp-content\/uploads\/2017\/03\/afdbf352-d6fb-4090-85bd-9178a1f7f579.jpg 709w, https:\/\/radiowebmx.com\/nota\/wp-content\/uploads\/2017\/03\/afdbf352-d6fb-4090-85bd-9178a1f7f579-300x200.jpg 300w\" sizes=\"auto, (max-width: 709px) 100vw, 709px\" \/><\/p>\n<p>Comprometidos con el fomento a la no violencia desde la familia, el Ayuntamiento de Morelia, a trav\u00e9s del DIF Municipal, incluye en su oferta para este fin de semana dos actividades de primer nivel con las que se busca coadyuvar a la consolidaci\u00f3n de una cultura de paz en el municipio, indic\u00f3 la Encargada de Despacho de la Direcci\u00f3n General de la Dependencia, Melissa V\u00e1squez P\u00e9rez.<br \/>\nTras recordar que este 5 de marzo se conmemora el D\u00eda de la Familia en M\u00e9xico, la funcionaria municipal reiter\u00f3 la invitaci\u00f3n a todos los morelianos para acudir este viernes y s\u00e1bado al Bosque Cuauht\u00e9moc a las actividades que el DIF Morelia tiene preparadas y que tienen por objetivo invitar a la reflexi\u00f3n a las familias.<\/p>\n<p>\u201cAlgo que buscamos siempre en el DIF Morelia, es que nuestros eventos no solo sean recreativos, sino que tambi\u00e9n tengan una causa y que sirvan para llevar informaci\u00f3n \u00fatil a los morelianos, para promover valores y participar en la reconstrucci\u00f3n del tejido social\u201d, mencion\u00f3.<\/p>\n<p>La primera actividad que se llevar\u00e1 a cabo ser\u00e1 la conferencia magistral de la especialista, Rosa Barocio, este viernes 3 de marzo, titulada \u201cLa Familia, el Pilar de la Sociedad\u201d, donde se abordan t\u00f3picos como la disciplina con amor para todos los miembros de la familia y se brinda orientaci\u00f3n para el manejo adecuado de distintas problem\u00e1ticas sin incurrir en violencia f\u00edsica o emocional.<\/p>\n<p>La maestra Rosa Barocio es una reconocida conferencista internacional y autora de seis libros que versan sobre la familia, con m\u00e1s de 30 a\u00f1os de experiencia como educadora y orientando a familias en torno a la crianza de los hijos, la tolerancia y el respeto.<\/p>\n<p>Para el s\u00e1bado 4 de marzo, se ofrecer\u00e1n distintas actividades l\u00fadicas y recreativas, entre las que se encuentra un taller de cuenta cuentos organizado por \u201cEducadores Somos Todos\u201d A.C., que tiene por objetivo informar a las familias mediante actividades art\u00edsticas sobre cu\u00e1les son los signos de violencia en los ni\u00f1os y c\u00f3mo manejarla; adem\u00e1s de que se realizar\u00e1 un cine debate en torno a la prevenci\u00f3n del acoso escolar para adolescentes y un mural colectivo en el \u00e1rea de juegos infantiles del Bosque Cuauht\u00e9moc.<\/p>\n<p>Lo anterior es una muestra de las actividades que dicha organizaci\u00f3n realiza como parte de su proyecto \u201cEl Arte de Convivir\u201d, que es un programa de sensibilizaci\u00f3n, capacitaci\u00f3n, desarrollo y expresi\u00f3n art\u00edstica a trav\u00e9s de la literatura, el teatro, la m\u00fasica, el cine y las artes pl\u00e1sticas, a fin de generar una cultura de convivencia y armon\u00eda.<\/p>\n","protected":false},"excerpt":{"rendered":"<p>Comprometidos con el fomento a la no violencia desde la familia, el Ayuntamiento de Morelia, a trav\u00e9s del DIF Municipal, incluye en su oferta para este fin de semana dos actividades de primer nivel con las que se busca coadyuvar a la consolidaci\u00f3n de una cultura de paz en el municipio, indic\u00f3 la Encargada de Despacho de la Direcci\u00f3n General de la Dependencia, Melissa V\u00e1squez P\u00e9rez.<\/p>\n","protected":false},"author":1,"featured_media":32064,"comment_status":"open","ping_status":"open","sticky":false,"template":"","format":"standard","meta":{"footnotes":""},"categories":[14,9],"tags":[],"class_list":["post-32063","post","type-post","status-publish","format-standard","has-post-thumbnail","hentry","category-destacadas","category-morelia"],"_links":{"self":[{"href":"https:\/\/radiowebmx.com\/nota\/wp-json\/wp\/v2\/posts\/32063","targetHints":{"allow":["GET"]}}],"collection":[{"href":"https:\/\/radiowebmx.com\/nota\/wp-json\/wp\/v2\/posts"}],"about":[{"href":"https:\/\/radiowebmx.com\/nota\/wp-json\/wp\/v2\/types\/post"}],"author":[{"embeddable":true,"href":"https:\/\/radiowebmx.com\/nota\/wp-json\/wp\/v2\/users\/1"}],"replies":[{"embeddable":true,"href":"https:\/\/radiowebmx.com\/nota\/wp-json\/wp\/v2\/comments?post=32063"}],"version-history":[{"count":1,"href":"https:\/\/radiowebmx.com\/nota\/wp-json\/wp\/v2\/posts\/32063\/revisions"}],"predecessor-version":[{"id":32065,"href":"https:\/\/radiowebmx.com\/nota\/wp-json\/wp\/v2\/posts\/32063\/revisions\/32065"}],"wp:featuredmedia":[{"embeddable":true,"href":"https:\/\/radiowebmx.com\/nota\/wp-json\/wp\/v2\/media\/32064"}],"wp:attachment":[{"href":"https:\/\/radiowebmx.com\/nota\/wp-json\/wp\/v2\/media?parent=32063"}],"wp:term":[{"taxonomy":"category","embeddable":true,"href":"https:\/\/radiowebmx.com\/nota\/wp-json\/wp\/v2\/categories?post=32063"},{"taxonomy":"post_tag","embeddable":true,"href":"https:\/\/radiowebmx.com\/nota\/wp-json\/wp\/v2\/tags?post=32063"}],"curies":[{"name":"wp","href":"https:\/\/api.w.org\/{rel}","templated":true}]}}