{"id":31981,"date":"2017-03-01T11:31:34","date_gmt":"2017-03-01T17:31:34","guid":{"rendered":"https:\/\/radiowebmx.com\/nota\/?p=31981"},"modified":"2017-03-01T11:31:34","modified_gmt":"2017-03-01T17:31:34","slug":"alfonso-martinez-se-pronuncia-a-favor-de-los-negocios-sustentables","status":"publish","type":"post","link":"https:\/\/radiowebmx.com\/nota\/alfonso-martinez-se-pronuncia-a-favor-de-los-negocios-sustentables\/","title":{"rendered":"Alfonso Mart\u00ednez se pronuncia a favor de los negocios sustentables"},"content":{"rendered":"<p>Por impulsar la econom\u00eda local desde una perspectiva sustentable, que abone a reducir el impacto ambiental en la capital michoacana, se pronunci\u00f3 el Presidente Municipal de Morelia, Alfonso Mart\u00ednez Alc\u00e1zar, durante el Arranque del Proyecto Especial Aumento de la Productividad en la Micro y Peque\u00f1a empresa mediante el ahorro de energ\u00eda en el estado de Michoac\u00e1n apoyado por el INADEM.<\/p>\n<p>Tras destacar que la sustentabilidad es una l\u00ednea que se promueve de manera transversal en el Gobierno y frente al Coordinador General de Delegaciones Federales de la Secretar\u00eda de Econom\u00eda, Jorge Cant\u00fa Valderrama, el Alcalde, reconoci\u00f3 el esfuerzo que hacen empresarios morelianos no s\u00f3lo por coadyuvan en el crecimiento econ\u00f3mico del municipio y generar empleos, sino tambi\u00e9n por implementar medidas que est\u00e9n en armon\u00eda con el entorno ecol\u00f3gico.<\/p>\n<p>En este tenor y teniendo de fondo un conocido comercio de gazpachos de la capital michoacana que result\u00f3 beneficiario de este proyecto, hizo \u00e9nfasis en este caso de negocio que ha incorporado estrategias innovadoras y compatibles con el medio ambiente.<\/p>\n<p>\u201cSe trata de una empresa impulsada por una familia trabajadora y generadora de empleos, de la que todos nos sentimos orgullosos porque han fortalecido la tradici\u00f3n del gazpacho moreliano, y adem\u00e1s va desarroll\u00e1ndose y generando una conciencia de trabajo y a favor de la ecolog\u00eda\u201d, celebr\u00f3 Mart\u00ednez Alc\u00e1zar, en compa\u00f1\u00eda del Delegado Estatal de la Secretar\u00eda de Econom\u00eda, Salvador Abud Mirabent; Diputada Eloisa Berber Zerme\u00f1o; as\u00ed como la Directora del INADEM, Roc\u00edo Abud Mirabent.<\/p>\n<p>Refiri\u00f3 que ejemplos de micro, peque\u00f1as y medianas empresas comprometidas con el medio ambiente como la que se mencion\u00f3, propician un c\u00edrculo virtuoso, \u201cen donde todos ganamos y es en beneficio directo de la ciudad\u201d.<\/p>\n<p>En su oportunidad, Cant\u00fa Valderrama, precis\u00f3 que a trav\u00e9s de este proyecto que consiste en la adquisici\u00f3n de paneles fotovoltaicos para reducir los costos por consumo de energ\u00eda el\u00e9ctrica con la Comisi\u00f3n Federal de Electricidad, se ver\u00e1n beneficiados 14 negocios del municipio, por un monto superior a los 4 millones 500 mil pesos, de los cuales casi 4 millones otorg\u00f3 el INADEM y el resto los empresarios.<\/p>\n<p>Por su parte, Audiel Correa Rubio, resalt\u00f3 a nombre de quienes resultaron favorecidos que gracias a la instalaci\u00f3n de este sistema se reducir\u00e1n sus costos en el consumo de energ\u00eda el\u00e9ctrica hasta un 85 por ciento, generando ahorros en su caso por el orden de los 7 mil 500 pesos mensuales, lo que permitir\u00e1 fortalecer sus negocios y contribuir al crecimiento de la econom\u00eda local.<\/p>\n<p>Cabe mencionar, que tambi\u00e9n estuvieron presentes en el arranque del programa el Presidente de IMPULSA Michoac\u00e1n, Ra\u00fal Maldonado Maza; el Director de Solar Season, Elmer Salazar Hern\u00e1ndez, as\u00ed como la Secretar\u00eda de Desarrollo Econ\u00f3mico y Emprendedor Municipal, Ireri Rivera Garc\u00eda.<\/p>\n","protected":false},"excerpt":{"rendered":"<p>Por impulsar la econom\u00eda local desde una perspectiva sustentable, que abone a reducir el impacto ambiental en la capital michoacana, se pronunci\u00f3 el Presidente Municipal de Morelia, Alfonso Mart\u00ednez Alc\u00e1zar, durante el Arranque del Proyecto Especial Aumento de la Productividad en la Micro y Peque\u00f1a empresa mediante el ahorro de energ\u00eda en el estado de [&hellip;]<\/p>\n","protected":false},"author":1,"featured_media":0,"comment_status":"open","ping_status":"open","sticky":false,"template":"","format":"standard","meta":{"footnotes":""},"categories":[9],"tags":[],"class_list":["post-31981","post","type-post","status-publish","format-standard","hentry","category-morelia"],"_links":{"self":[{"href":"https:\/\/radiowebmx.com\/nota\/wp-json\/wp\/v2\/posts\/31981","targetHints":{"allow":["GET"]}}],"collection":[{"href":"https:\/\/radiowebmx.com\/nota\/wp-json\/wp\/v2\/posts"}],"about":[{"href":"https:\/\/radiowebmx.com\/nota\/wp-json\/wp\/v2\/types\/post"}],"author":[{"embeddable":true,"href":"https:\/\/radiowebmx.com\/nota\/wp-json\/wp\/v2\/users\/1"}],"replies":[{"embeddable":true,"href":"https:\/\/radiowebmx.com\/nota\/wp-json\/wp\/v2\/comments?post=31981"}],"version-history":[{"count":1,"href":"https:\/\/radiowebmx.com\/nota\/wp-json\/wp\/v2\/posts\/31981\/revisions"}],"predecessor-version":[{"id":31982,"href":"https:\/\/radiowebmx.com\/nota\/wp-json\/wp\/v2\/posts\/31981\/revisions\/31982"}],"wp:attachment":[{"href":"https:\/\/radiowebmx.com\/nota\/wp-json\/wp\/v2\/media?parent=31981"}],"wp:term":[{"taxonomy":"category","embeddable":true,"href":"https:\/\/radiowebmx.com\/nota\/wp-json\/wp\/v2\/categories?post=31981"},{"taxonomy":"post_tag","embeddable":true,"href":"https:\/\/radiowebmx.com\/nota\/wp-json\/wp\/v2\/tags?post=31981"}],"curies":[{"name":"wp","href":"https:\/\/api.w.org\/{rel}","templated":true}]}}