{"id":31979,"date":"2017-03-01T11:28:40","date_gmt":"2017-03-01T17:28:40","guid":{"rendered":"https:\/\/radiowebmx.com\/nota\/?p=31979"},"modified":"2017-03-01T11:28:40","modified_gmt":"2017-03-01T17:28:40","slug":"ayuntamiento-de-morelia-conmemora-aniversario-luctuoso-del-ultimo-emperador-azteca","status":"publish","type":"post","link":"https:\/\/radiowebmx.com\/nota\/ayuntamiento-de-morelia-conmemora-aniversario-luctuoso-del-ultimo-emperador-azteca\/","title":{"rendered":"Ayuntamiento de Morelia conmemora aniversario luctuoso del \u00faltimo Emperador Azteca"},"content":{"rendered":"<p>Al acudir al llamado de la defensa de la nacionalidad y soberan\u00eda nacional, la Administraci\u00f3n Municipal representada por el Secretario del Ayuntamiento, Jes\u00fas \u00c1valos Plata, conmemor\u00f3 el CDXCII Aniversario Luctuoso de Cuauht\u00e9moc, \u00faltimo Emperador Azteca, qui\u00e9n muri\u00f3 a manos de los espa\u00f1oles en un hecho que marca el inicio de la conquista del territorio mexicano por los europeos.<\/p>\n<p>El encargado de la pol\u00edtica interna del municipio acompa\u00f1ado por Hermes Reinoso Galarza, representante del Gobierno del Estado; el Capit\u00e1n Segundo de Infanter\u00eda, Juli\u00e1n Berrelleza Acosta de la 21\/a. Zona Militar y el Maestro en Historia, Arturo Meza Guti\u00e9rrez, as\u00ed como Regidores, funcionarios federales, estatales y municipales,\u00a0 conocieron la vida del Tlatoani Mexica de M\u00e9xico-Tenochtitlan, qui\u00e9n asumi\u00f3 el poder en 1520, un a\u00f1o antes de la toma de Tenochtitlan por Hern\u00e1n Cort\u00e9s y sus tropas.<\/p>\n<p>El Maestro en Historia, Arturo Meza, record\u00f3 a los pies del monumento al Emperador Cuauht\u00e9moc, ubicado en el Bosque que lleva su nombre, la resistencia que ofrecieron los aztecas a la conquista de los espa\u00f1oles.<\/p>\n<p>Resalt\u00f3 que el legado prehisp\u00e1nico a los mexicanos y morelianos es la b\u00fasqueda de paz y armon\u00eda entre la sociedad y que cualquier persona al frente con esas responsabilidades, debe privilegiar estas acciones.<\/p>\n<p>Posterior a esta semblanza autoridades de los distintos \u00f3rdenes de Gobierno realizaron el dep\u00f3sito de ofrenda floral y guardia de honor con motivo del Aniversario Luctuoso de Cuauht\u00e9moc, que en n\u00e1huatl significa \u00e1guila que se pos\u00f3 o descendi\u00f3.<\/p>\n<p>A este evento, tambi\u00e9n asistieron funcionarios municipales como el Gerente del Patrimonio Cultural, Gaspar Hern\u00e1ndez Razo; el Director del Colegio de Morelia, Alejandro Amante Urbina; la Directora del Centro de Mediaci\u00f3n y Conciliaci\u00f3n, Emilia Bucio Pi\u00f1\u00f3n; el Director de Promoci\u00f3n y Formaci\u00f3n, Alejandro Tovar Cort\u00e9s; el Jefe de la oficina del Presidente Municipal, Jaime Morelos Su\u00e1rez; los Regidores, Adela Alejandre Flores, Germ\u00e1n Ireta Lino, Jorge Luis Tinoco Ortiz y F\u00e9lix Madrigal Pulido.<\/p>\n","protected":false},"excerpt":{"rendered":"<p>Al acudir al llamado de la defensa de la nacionalidad y soberan\u00eda nacional, la Administraci\u00f3n Municipal representada por el Secretario del Ayuntamiento, Jes\u00fas \u00c1valos Plata, conmemor\u00f3 el CDXCII Aniversario Luctuoso de Cuauht\u00e9moc, \u00faltimo Emperador Azteca, qui\u00e9n muri\u00f3 a manos de los espa\u00f1oles en un hecho que marca el inicio de la conquista del territorio mexicano [&hellip;]<\/p>\n","protected":false},"author":1,"featured_media":0,"comment_status":"open","ping_status":"open","sticky":false,"template":"","format":"standard","meta":{"footnotes":""},"categories":[9],"tags":[],"class_list":["post-31979","post","type-post","status-publish","format-standard","hentry","category-morelia"],"_links":{"self":[{"href":"https:\/\/radiowebmx.com\/nota\/wp-json\/wp\/v2\/posts\/31979","targetHints":{"allow":["GET"]}}],"collection":[{"href":"https:\/\/radiowebmx.com\/nota\/wp-json\/wp\/v2\/posts"}],"about":[{"href":"https:\/\/radiowebmx.com\/nota\/wp-json\/wp\/v2\/types\/post"}],"author":[{"embeddable":true,"href":"https:\/\/radiowebmx.com\/nota\/wp-json\/wp\/v2\/users\/1"}],"replies":[{"embeddable":true,"href":"https:\/\/radiowebmx.com\/nota\/wp-json\/wp\/v2\/comments?post=31979"}],"version-history":[{"count":1,"href":"https:\/\/radiowebmx.com\/nota\/wp-json\/wp\/v2\/posts\/31979\/revisions"}],"predecessor-version":[{"id":31980,"href":"https:\/\/radiowebmx.com\/nota\/wp-json\/wp\/v2\/posts\/31979\/revisions\/31980"}],"wp:attachment":[{"href":"https:\/\/radiowebmx.com\/nota\/wp-json\/wp\/v2\/media?parent=31979"}],"wp:term":[{"taxonomy":"category","embeddable":true,"href":"https:\/\/radiowebmx.com\/nota\/wp-json\/wp\/v2\/categories?post=31979"},{"taxonomy":"post_tag","embeddable":true,"href":"https:\/\/radiowebmx.com\/nota\/wp-json\/wp\/v2\/tags?post=31979"}],"curies":[{"name":"wp","href":"https:\/\/api.w.org\/{rel}","templated":true}]}}