{"id":31968,"date":"2017-02-28T14:20:46","date_gmt":"2017-02-28T20:20:46","guid":{"rendered":"https:\/\/radiowebmx.com\/nota\/?p=31968"},"modified":"2017-02-28T14:20:46","modified_gmt":"2017-02-28T20:20:46","slug":"revisa-gcm-estrategia-de-seguridad-en-morelia","status":"publish","type":"post","link":"https:\/\/radiowebmx.com\/nota\/revisa-gcm-estrategia-de-seguridad-en-morelia\/","title":{"rendered":"Revisa GCM estrategia de seguridad en Morelia"},"content":{"rendered":"<p><img loading=\"lazy\" decoding=\"async\" class=\"alignleft size-full wp-image-31969\" src=\"https:\/\/radiowebmx.com\/nota\/wp-content\/uploads\/2017\/02\/cbd63db9-4518-4e7a-86a0-4b175e904204.jpg\" alt=\"cbd63db9-4518-4e7a-86a0-4b175e904204\" width=\"500\" height=\"296\" srcset=\"https:\/\/radiowebmx.com\/nota\/wp-content\/uploads\/2017\/02\/cbd63db9-4518-4e7a-86a0-4b175e904204.jpg 500w, https:\/\/radiowebmx.com\/nota\/wp-content\/uploads\/2017\/02\/cbd63db9-4518-4e7a-86a0-4b175e904204-300x178.jpg 300w\" sizes=\"auto, (max-width: 500px) 100vw, 500px\" \/>Para dar seguimiento a las acciones y operativos que de manera conjunta autoridades estatales y federales despliegan en la ciudad de Morelia, el Grupo de Coordinaci\u00f3n Michoac\u00e1n (GCM) sesion\u00f3 esta ma\u00f1ana.<\/p>\n<p>Encabezados por el Gobernador del Estado, Silvano Aureoles Conejo, los integrantes del GCM coincidieron en que la estrategia conjunta debe continuar, ya que la seguridad debe ser atendida de manera permanente.<\/p>\n<p>Si bien destacaron los resultados que se han obtenido en la disminuci\u00f3n de delitos de alto impacto como extorsi\u00f3n y secuestro, indicaron que hay otros rubros que se tienen que seguir fortaleciendo, sobre todo lo relativo a delitos del orden com\u00fan.<\/p>\n<p>El objetivo, refrendaron, es garantizar la tranquilidad plena de las y los morelianos como se viene haciendo tambi\u00e9n en el resto de las regiones del estado.<\/p>\n<p>En la reuni\u00f3n se definieron l\u00edneas estrat\u00e9gicas para mantener los operativos en colonias, al igual que ya se viene haciendo en el fraccionamiento Villas del Pedregal.<\/p>\n<p>Participaron de esta reuni\u00f3n de trabajo los secretarios de Gobierno, Adri\u00e1n L\u00f3pez Sol\u00eds, y de Seguridad P\u00fablica, Juan Bernardo Corona Mart\u00ednez.<\/p>\n<p>Tambi\u00e9n los comandantes de la 21 y 43 Zonas Militares, general Jos\u00e9 Francisco Morales C\u00e1zares y general Cruz Isaac Mu\u00f1oz Navarro, respectivamente, as\u00ed como el procurador de Justicia Jos\u00e9 Mart\u00edn Godoy Castro.<\/p>\n<p>Asimismo la delegada de la Procuradur\u00eda General de la Rep\u00fablica, Bertha Paredes Gardu\u00f1o, y el subsecretario de Seguridad P\u00fablica, Carlos G\u00f3mez Arrieta, entre otros mandos para dar seguimiento a las acciones.<\/p>\n","protected":false},"excerpt":{"rendered":"<p>Para dar seguimiento a las acciones y operativos que de manera conjunta autoridades estatales y federales despliegan en la ciudad de Morelia, el GCM sesion\u00f3 esta ma\u00f1ana.<\/p>\n","protected":false},"author":1,"featured_media":31969,"comment_status":"open","ping_status":"open","sticky":false,"template":"","format":"standard","meta":{"footnotes":""},"categories":[14,3],"tags":[],"class_list":["post-31968","post","type-post","status-publish","format-standard","has-post-thumbnail","hentry","category-destacadas","category-gobierno-del-estado-de-michoacan"],"_links":{"self":[{"href":"https:\/\/radiowebmx.com\/nota\/wp-json\/wp\/v2\/posts\/31968","targetHints":{"allow":["GET"]}}],"collection":[{"href":"https:\/\/radiowebmx.com\/nota\/wp-json\/wp\/v2\/posts"}],"about":[{"href":"https:\/\/radiowebmx.com\/nota\/wp-json\/wp\/v2\/types\/post"}],"author":[{"embeddable":true,"href":"https:\/\/radiowebmx.com\/nota\/wp-json\/wp\/v2\/users\/1"}],"replies":[{"embeddable":true,"href":"https:\/\/radiowebmx.com\/nota\/wp-json\/wp\/v2\/comments?post=31968"}],"version-history":[{"count":1,"href":"https:\/\/radiowebmx.com\/nota\/wp-json\/wp\/v2\/posts\/31968\/revisions"}],"predecessor-version":[{"id":31970,"href":"https:\/\/radiowebmx.com\/nota\/wp-json\/wp\/v2\/posts\/31968\/revisions\/31970"}],"wp:featuredmedia":[{"embeddable":true,"href":"https:\/\/radiowebmx.com\/nota\/wp-json\/wp\/v2\/media\/31969"}],"wp:attachment":[{"href":"https:\/\/radiowebmx.com\/nota\/wp-json\/wp\/v2\/media?parent=31968"}],"wp:term":[{"taxonomy":"category","embeddable":true,"href":"https:\/\/radiowebmx.com\/nota\/wp-json\/wp\/v2\/categories?post=31968"},{"taxonomy":"post_tag","embeddable":true,"href":"https:\/\/radiowebmx.com\/nota\/wp-json\/wp\/v2\/tags?post=31968"}],"curies":[{"name":"wp","href":"https:\/\/api.w.org\/{rel}","templated":true}]}}