{"id":31965,"date":"2017-02-28T14:19:02","date_gmt":"2017-02-28T20:19:02","guid":{"rendered":"https:\/\/radiowebmx.com\/nota\/?p=31965"},"modified":"2017-02-28T14:19:02","modified_gmt":"2017-02-28T20:19:02","slug":"gerencia-del-patrimonio-cultural-refuerza-la-conservacion-de-inmuebles-historicos","status":"publish","type":"post","link":"https:\/\/radiowebmx.com\/nota\/gerencia-del-patrimonio-cultural-refuerza-la-conservacion-de-inmuebles-historicos\/","title":{"rendered":"Gerencia del Patrimonio Cultural refuerza la conservaci\u00f3n de inmuebles hist\u00f3ricos"},"content":{"rendered":"<p><img loading=\"lazy\" decoding=\"async\" class=\"alignleft size-full wp-image-31966\" src=\"https:\/\/radiowebmx.com\/nota\/wp-content\/uploads\/2017\/02\/5a2acceb-6ca2-4b15-a290-4ccb1db8ceb1.jpeg\" alt=\"5a2acceb-6ca2-4b15-a290-4ccb1db8ceb1\" width=\"500\" height=\"290\" srcset=\"https:\/\/radiowebmx.com\/nota\/wp-content\/uploads\/2017\/02\/5a2acceb-6ca2-4b15-a290-4ccb1db8ceb1.jpeg 500w, https:\/\/radiowebmx.com\/nota\/wp-content\/uploads\/2017\/02\/5a2acceb-6ca2-4b15-a290-4ccb1db8ceb1-300x174.jpeg 300w\" sizes=\"auto, (max-width: 500px) 100vw, 500px\" \/>Con la finalidad de proteger y conservar los inmuebles hist\u00f3ricos de Morelia, la Gerencia del Patrimonio Cultural mantiene en el presente a\u00f1o las acciones de recubrimiento de 40 metros cuadrados de canter\u00eda, lo cual, a decir del titular de la dependencia municipal, Gaspar Hern\u00e1ndez Razo, cubre las \u00e1reas da\u00f1adas por grafiti y las protege de futuras pintas, todo con el aval del Instituto Nacional de Antropolog\u00eda e Historia (INAH).<\/p>\n<p>Asimismo, record\u00f3 que este m\u00e9todo que utiliza el Ayuntamiento de Morelia que encabeza el Alcalde, Alfonso Mart\u00ednez Alc\u00e1zar, es innovador y es calificado as\u00ed por el INAH al ser el \u00fanico municipio del pa\u00eds que lo lleva acabo de esta forma.<\/p>\n<p>\u201cActualmente estamos recubriendo con la mezcla de cal alumbre y colorantes naturales, m\u00e1s de casi 40 metros cuadrados pendientes del 2016, con el permiso total del INAH\u201d, indic\u00f3.<\/p>\n<p>Hern\u00e1ndez Razo trajo a cuenta que despu\u00e9s de las acciones del retiro del a\u00f1o pasado se contin\u00faa con acciones preventivas este 2017 y destac\u00f3 que el recubrimiento protege a un monumento aproximadamente 30 a\u00f1os.<\/p>\n<p>El Gerente del Patrimonio Cultural en la ciudad inform\u00f3 que la prueba m\u00e1s palpable de esta labor de la Administraci\u00f3n Municipal es la fachada del Colegio Primitivo y Nacional de San Nicol\u00e1s de Hidalgo, en la que se aplic\u00f3 este m\u00e9todo de recubrimiento.<\/p>\n<p>En tanto, el Director del Patrimonio Cultural de Morelia, Juan Carlos Mata Garc\u00eda, record\u00f3 que la meta para el programa del retiro de grafiti en el 2017 ser\u00e1 de mil 500 metros cuadrados.<\/p>\n<p>Mientras que en el programa de fachada plana ser\u00e1 de 22 mil metros cuadrados y en el tema de flora y microflora nociva, el objetivo es atender 2 mil 800 inmuebles a los que se les brindar\u00e1 este mantenimiento una parte por personal contratado por el Ayuntamiento y el resto por personal propio que permitir\u00e1 importantes ahorros a las arcas municipales, as\u00ed como ampliar los beneficios de estas acciones.<\/p>\n","protected":false},"excerpt":{"rendered":"<p>Con la finalidad de proteger y conservar los inmuebles hist\u00f3ricos de Morelia, la Gerencia del Patrimonio Cultural mantiene en el presente a\u00f1o las acciones de recubrimiento de 40 metros cuadrados de canter\u00eda, lo cual, a decir del titular de la dependencia municipal, Gaspar Hern\u00e1ndez Razo, cubre las \u00e1reas da\u00f1adas por grafiti y las protege de futuras pintas, todo con el aval del INAH.<\/p>\n","protected":false},"author":1,"featured_media":31966,"comment_status":"open","ping_status":"open","sticky":false,"template":"","format":"standard","meta":{"footnotes":""},"categories":[14,9],"tags":[],"class_list":["post-31965","post","type-post","status-publish","format-standard","has-post-thumbnail","hentry","category-destacadas","category-morelia"],"_links":{"self":[{"href":"https:\/\/radiowebmx.com\/nota\/wp-json\/wp\/v2\/posts\/31965","targetHints":{"allow":["GET"]}}],"collection":[{"href":"https:\/\/radiowebmx.com\/nota\/wp-json\/wp\/v2\/posts"}],"about":[{"href":"https:\/\/radiowebmx.com\/nota\/wp-json\/wp\/v2\/types\/post"}],"author":[{"embeddable":true,"href":"https:\/\/radiowebmx.com\/nota\/wp-json\/wp\/v2\/users\/1"}],"replies":[{"embeddable":true,"href":"https:\/\/radiowebmx.com\/nota\/wp-json\/wp\/v2\/comments?post=31965"}],"version-history":[{"count":1,"href":"https:\/\/radiowebmx.com\/nota\/wp-json\/wp\/v2\/posts\/31965\/revisions"}],"predecessor-version":[{"id":31967,"href":"https:\/\/radiowebmx.com\/nota\/wp-json\/wp\/v2\/posts\/31965\/revisions\/31967"}],"wp:featuredmedia":[{"embeddable":true,"href":"https:\/\/radiowebmx.com\/nota\/wp-json\/wp\/v2\/media\/31966"}],"wp:attachment":[{"href":"https:\/\/radiowebmx.com\/nota\/wp-json\/wp\/v2\/media?parent=31965"}],"wp:term":[{"taxonomy":"category","embeddable":true,"href":"https:\/\/radiowebmx.com\/nota\/wp-json\/wp\/v2\/categories?post=31965"},{"taxonomy":"post_tag","embeddable":true,"href":"https:\/\/radiowebmx.com\/nota\/wp-json\/wp\/v2\/tags?post=31965"}],"curies":[{"name":"wp","href":"https:\/\/api.w.org\/{rel}","templated":true}]}}